{"id":19312,"date":"2025-05-05T14:23:05","date_gmt":"2025-05-05T17:23:05","guid":{"rendered":"https:\/\/www.miguelfaccio.com.br\/blog\/?p=19312"},"modified":"2025-05-05T14:23:07","modified_gmt":"2025-05-05T17:23:07","slug":"rcd4038-raios-ou-chamas-2","status":"publish","type":"post","link":"https:\/\/www.miguelfaccio.com.br\/blog\/index.php\/rcd4038-raios-ou-chamas-2\/","title":{"rendered":"RCD4038 Raios ou Chamas"},"content":{"rendered":"\n<p class=\"has-text-align-right\"><strong>MENSAGENS DE JAV\u00e9<\/strong><\/p>\n\n\n\n<p>Nova mensagem&nbsp; marcio 24 abril 2025 \u00e0(s) 18:42<\/p>\n\n\n\n<p>N\u00e3o restam duvidas que os homens est\u00e3o caminhando para um fim tr\u00e1gico.<\/p>\n\n\n\n<p>Brigar por terras, por dinheiro ou mercados os homens sempre brigaram, mas agora est\u00e3o beirando o absurdo.<\/p>\n\n\n\n<p>Restam pouco tempo para que toda a verdade venha a tona e tudo seja esclarecido.<\/p>\n\n\n\n<p>N\u00e3o repreendo quem pensa diferente de mim, respeito, mas sei onde isto vai dar.<\/p>\n\n\n\n<p>As vezes penso em ir agora falar com voc\u00eas, receio n\u00e3o poder fazer isto desta forma.<\/p>\n\n\n\n<p>Mas algo tem que ser feito, disto tenho certeza.<\/p>\n\n\n\n<p>Aconselho a todos voc\u00eas se entenderem porque a prova final coletiva de todos voc\u00eas esta se aproximando e n\u00e3o quero ver milh\u00f5es de almas retornarem para o plano espiritual se auto condenando por terem falhado novamente.<\/p>\n\n\n\n<p>O pr\u00f3ximo passo pode ser na dire\u00e7\u00e3o de um abismo e a subida para voltar pode ser dif\u00edcil e dolorida.<\/p>\n\n\n\n<p>Creiam, n\u00e3o sou o dono da verdade, mas sou muito velho perto de voc\u00eas, outrora quisera ser um espirito mais novo, mas n\u00e3o sou.<\/p>\n\n\n\n<p>J\u00e1 vivi o suficiente para entender que nada se ganha pela for\u00e7a, pela brutalidade.<\/p>\n\n\n\n<p>Neste ponto a natureza da Terra d\u00e1 um exemplo ruim para voc\u00eas.<\/p>\n\n\n\n<p>O homem pensa, analisa, tem bom senso e sabe negociar e escolher a melhor forma de conseguir o que quer sendo flex\u00edvel.<\/p>\n\n\n\n<p>Respeito voc\u00eas e tenho paci\u00eancia, pois sei que s\u00e3o almas jovens que necessitam aprender e se aprende se arriscando e muitas vezes errando.<\/p>\n\n\n\n<p>Queridos quero ir falar com voc\u00eas logo que puder.<\/p>\n\n\n\n<p>Fiquem com Deus e me perdoem a minha aus\u00eancia.<\/p>\n\n\n\n<p>JAVe<\/p>\n","protected":false},"excerpt":{"rendered":"<p>MENSAGENS DE JAV\u00e9 Nova mensagem&nbsp; marcio 24 abril 2025 \u00e0(s) 18:42 N\u00e3o restam duvidas que os homens est\u00e3o caminhando para um fim tr\u00e1gico. Brigar por terras, por dinheiro ou mercados os homens sempre brigaram, mas agora est\u00e3o beirando o absurdo. Restam pouco tempo para que toda a verdade venha a tona e tudo seja esclarecido. [&hellip;]<\/p>\n","protected":false},"author":1,"featured_media":0,"comment_status":"open","ping_status":"open","sticky":false,"template":"","format":"standard","meta":{"_mi_skip_tracking":false},"categories":[3],"tags":[],"_links":{"self":[{"href":"https:\/\/www.miguelfaccio.com.br\/blog\/index.php\/wp-json\/wp\/v2\/posts\/19312"}],"collection":[{"href":"https:\/\/www.miguelfaccio.com.br\/blog\/index.php\/wp-json\/wp\/v2\/posts"}],"about":[{"href":"https:\/\/www.miguelfaccio.com.br\/blog\/index.php\/wp-json\/wp\/v2\/types\/post"}],"author":[{"embeddable":true,"href":"https:\/\/www.miguelfaccio.com.br\/blog\/index.php\/wp-json\/wp\/v2\/users\/1"}],"replies":[{"embeddable":true,"href":"https:\/\/www.miguelfaccio.com.br\/blog\/index.php\/wp-json\/wp\/v2\/comments?post=19312"}],"version-history":[{"count":1,"href":"https:\/\/www.miguelfaccio.com.br\/blog\/index.php\/wp-json\/wp\/v2\/posts\/19312\/revisions"}],"predecessor-version":[{"id":19313,"href":"https:\/\/www.miguelfaccio.com.br\/blog\/index.php\/wp-json\/wp\/v2\/posts\/19312\/revisions\/19313"}],"wp:attachment":[{"href":"https:\/\/www.miguelfaccio.com.br\/blog\/index.php\/wp-json\/wp\/v2\/media?parent=19312"}],"wp:term":[{"taxonomy":"category","embeddable":true,"href":"https:\/\/www.miguelfaccio.com.br\/blog\/index.php\/wp-json\/wp\/v2\/categories?post=19312"},{"taxonomy":"post_tag","embeddable":true,"href":"https:\/\/www.miguelfaccio.com.br\/blog\/index.php\/wp-json\/wp\/v2\/tags?post=19312"}],"curies":[{"name":"wp","href":"https:\/\/api.w.org\/{rel}","templated":true}]}}