{"id":19310,"date":"2025-05-05T14:20:55","date_gmt":"2025-05-05T17:20:55","guid":{"rendered":"https:\/\/www.miguelfaccio.com.br\/blog\/?p=19310"},"modified":"2025-05-05T14:20:57","modified_gmt":"2025-05-05T17:20:57","slug":"plv4090-livro-27-diario-26-11-2022","status":"publish","type":"post","link":"https:\/\/www.miguelfaccio.com.br\/blog\/index.php\/plv4090-livro-27-diario-26-11-2022\/","title":{"rendered":"PLV4090 \u2013 Livro 27 \u2013 Di\u00e1rio, 26\/11\/2022"},"content":{"rendered":"\n<p class=\"has-text-align-right\"><strong>26\/11\/2022<\/strong><\/p>\n\n\n\n<p>Todo o poder emana do povo, ao menos \u00e9 assim que se expressam as Constitui\u00e7\u00f5es dos pa\u00edses. Quem n\u00e3o aceita essa premissa \u00e9 um ditador, que aprisionou o poder, os pensamentos, as palavras e at\u00e9 os atos do povo, como uma individualidade ou como uma coletividade. Tudo o que cerceia a liberdade, digo a liberdade e n\u00e3o a libertinagem, do indiv\u00edduo ou uma associa\u00e7\u00e3o de indiv\u00edduos, esse poder, baseado na liberdade, precisa ser calcado na moralidade, porque, onde houver imoralidade, de certa forma cerceia a liberdade. Sempre que houver imoralidade, h\u00e1, sem sombras de d\u00favidas, algu\u00e9m que n\u00e3o poder\u00e1 exercer a sua plena liberdade, sempre ser\u00e1 tolhido em algo que \u00e9 seu direito, tornando-se uma esp\u00e9cie de escravid\u00e3o. Isso poder\u00e1 ser interposto por qualquer poder constitu\u00eddo que, extrapolando as atribui\u00e7\u00f5es de seus cargos, quer a\u00e7ambarcar os direitos dos subordinados ou do povo em geral. Isso poder\u00e1 acontecer, tamb\u00e9m, em grupos de viv\u00eancia, onde sempre h\u00e1 o mand\u00e3o e o subordinado, que n\u00e3o deixa de ser escravizado. Isso poder\u00e1 acontecer tamb\u00e9m em grupos religiosos que, de certa forma, obriga todos a pensar como o chefe, e ai de quem tentar contest\u00e1-lo. Nestes, tamb\u00e9m, pode haver a escravid\u00e3o, mas velada, que n\u00e3o deixa de ser escravid\u00e3o pelo fato de n\u00e3o dar a liberdade a seus seguidores. Em s\u00edntese, o poder s\u00f3 pode vir de um povo livre que possa pensar e agir em benef\u00edcio pr\u00f3prio e da coletividade.<\/p>\n","protected":false},"excerpt":{"rendered":"<p>26\/11\/2022 Todo o poder emana do povo, ao menos \u00e9 assim que se expressam as Constitui\u00e7\u00f5es dos pa\u00edses. Quem n\u00e3o aceita essa premissa \u00e9 um ditador, que aprisionou o poder, os pensamentos, as palavras e at\u00e9 os atos do povo, como uma individualidade ou como uma coletividade. Tudo o que cerceia a liberdade, digo a [&hellip;]<\/p>\n","protected":false},"author":1,"featured_media":0,"comment_status":"open","ping_status":"open","sticky":false,"template":"","format":"standard","meta":{"_mi_skip_tracking":false},"categories":[33],"tags":[],"_links":{"self":[{"href":"https:\/\/www.miguelfaccio.com.br\/blog\/index.php\/wp-json\/wp\/v2\/posts\/19310"}],"collection":[{"href":"https:\/\/www.miguelfaccio.com.br\/blog\/index.php\/wp-json\/wp\/v2\/posts"}],"about":[{"href":"https:\/\/www.miguelfaccio.com.br\/blog\/index.php\/wp-json\/wp\/v2\/types\/post"}],"author":[{"embeddable":true,"href":"https:\/\/www.miguelfaccio.com.br\/blog\/index.php\/wp-json\/wp\/v2\/users\/1"}],"replies":[{"embeddable":true,"href":"https:\/\/www.miguelfaccio.com.br\/blog\/index.php\/wp-json\/wp\/v2\/comments?post=19310"}],"version-history":[{"count":1,"href":"https:\/\/www.miguelfaccio.com.br\/blog\/index.php\/wp-json\/wp\/v2\/posts\/19310\/revisions"}],"predecessor-version":[{"id":19311,"href":"https:\/\/www.miguelfaccio.com.br\/blog\/index.php\/wp-json\/wp\/v2\/posts\/19310\/revisions\/19311"}],"wp:attachment":[{"href":"https:\/\/www.miguelfaccio.com.br\/blog\/index.php\/wp-json\/wp\/v2\/media?parent=19310"}],"wp:term":[{"taxonomy":"category","embeddable":true,"href":"https:\/\/www.miguelfaccio.com.br\/blog\/index.php\/wp-json\/wp\/v2\/categories?post=19310"},{"taxonomy":"post_tag","embeddable":true,"href":"https:\/\/www.miguelfaccio.com.br\/blog\/index.php\/wp-json\/wp\/v2\/tags?post=19310"}],"curies":[{"name":"wp","href":"https:\/\/api.w.org\/{rel}","templated":true}]}}