{"id":19298,"date":"2025-05-02T09:09:55","date_gmt":"2025-05-02T12:09:55","guid":{"rendered":"https:\/\/www.miguelfaccio.com.br\/blog\/?p=19298"},"modified":"2025-05-02T09:09:57","modified_gmt":"2025-05-02T12:09:57","slug":"plv4087-livro-27-diario-23-11-2022","status":"publish","type":"post","link":"https:\/\/www.miguelfaccio.com.br\/blog\/index.php\/plv4087-livro-27-diario-23-11-2022\/","title":{"rendered":"PLV4087 \u2013 Livro 27 \u2013 Di\u00e1rio, 23\/11\/2022"},"content":{"rendered":"\n<p class=\"has-text-align-right\"><strong>23\/11\/2022<\/strong><\/p>\n\n\n\n<p>Est\u00e3o aparecendo, por toda parte, os sinais da enorme quantidade de naves espaciais que a ci\u00eancia dos homens chama de \u00d3VNIs. Ao menos, os grandes comandos das na\u00e7\u00f5es j\u00e1 tiveram contato com esses seres, nossos irm\u00e3os maiores, e est\u00e3o cientes da necessidade de mudar o direcionamento de suas atitudes com vistas ao planeta. Todo o mundo sabe quem s\u00e3o, s\u00f3 que alguns julgam-se no direito de classific\u00e1-los como exploradoras de nosso planeta. O que eles quereriam aqui? Nossa produ\u00e7\u00e3o eles n\u00e3o precisam, pois encontram na energia universal tudo o que precisam para satisfazer suas necessidades. Eles n\u00e3o necessitam plantar, esperar amadurecer, colher, moer e fazer o seu p\u00e3o. Isso \u00e9 coisa para terr\u00e1queo que ainda est\u00e1 na terceira dimens\u00e3o. Eles j\u00e1 ultrapassaram h\u00e1 muitos \u00e9ons de tempo esta fase de sua evolu\u00e7\u00e3o espiritual. Com o seu pensamento, eles precipitam da energia universal aquilo de que precisam. Aos humanos, \u00e9 um tanto dif\u00edcil essa intelectualiza\u00e7\u00e3o, pois est\u00e3o ligados, como que um cord\u00e3o umbilical somente na mat\u00e9ria. Destes, a maioria desconhece o que d\u00e1 vida \u00e0 mat\u00e9ria como a tudo o que existe no universo. Esses que est\u00e3o invis\u00edveis e que eventualmente se mostram um pouco, est\u00e3o evolutivamente falando, talvez alguns milhares de \u00e9ons \u00e0 nossa frente. Estes t\u00eam no universo sua fonte de abastecimento. Est\u00e3o por aqui para nos darem as m\u00e3os para que n\u00f3s tamb\u00e9m possamos evoluir. Mas s\u00e3o vistos como inimigos que querem roubar o que \u00e9 nosso. Oh, santa ignor\u00e2ncia!<\/p>\n","protected":false},"excerpt":{"rendered":"<p>23\/11\/2022 Est\u00e3o aparecendo, por toda parte, os sinais da enorme quantidade de naves espaciais que a ci\u00eancia dos homens chama de \u00d3VNIs. Ao menos, os grandes comandos das na\u00e7\u00f5es j\u00e1 tiveram contato com esses seres, nossos irm\u00e3os maiores, e est\u00e3o cientes da necessidade de mudar o direcionamento de suas atitudes com vistas ao planeta. Todo [&hellip;]<\/p>\n","protected":false},"author":1,"featured_media":0,"comment_status":"open","ping_status":"open","sticky":false,"template":"","format":"standard","meta":{"_mi_skip_tracking":false},"categories":[33],"tags":[],"_links":{"self":[{"href":"https:\/\/www.miguelfaccio.com.br\/blog\/index.php\/wp-json\/wp\/v2\/posts\/19298"}],"collection":[{"href":"https:\/\/www.miguelfaccio.com.br\/blog\/index.php\/wp-json\/wp\/v2\/posts"}],"about":[{"href":"https:\/\/www.miguelfaccio.com.br\/blog\/index.php\/wp-json\/wp\/v2\/types\/post"}],"author":[{"embeddable":true,"href":"https:\/\/www.miguelfaccio.com.br\/blog\/index.php\/wp-json\/wp\/v2\/users\/1"}],"replies":[{"embeddable":true,"href":"https:\/\/www.miguelfaccio.com.br\/blog\/index.php\/wp-json\/wp\/v2\/comments?post=19298"}],"version-history":[{"count":1,"href":"https:\/\/www.miguelfaccio.com.br\/blog\/index.php\/wp-json\/wp\/v2\/posts\/19298\/revisions"}],"predecessor-version":[{"id":19299,"href":"https:\/\/www.miguelfaccio.com.br\/blog\/index.php\/wp-json\/wp\/v2\/posts\/19298\/revisions\/19299"}],"wp:attachment":[{"href":"https:\/\/www.miguelfaccio.com.br\/blog\/index.php\/wp-json\/wp\/v2\/media?parent=19298"}],"wp:term":[{"taxonomy":"category","embeddable":true,"href":"https:\/\/www.miguelfaccio.com.br\/blog\/index.php\/wp-json\/wp\/v2\/categories?post=19298"},{"taxonomy":"post_tag","embeddable":true,"href":"https:\/\/www.miguelfaccio.com.br\/blog\/index.php\/wp-json\/wp\/v2\/tags?post=19298"}],"curies":[{"name":"wp","href":"https:\/\/api.w.org\/{rel}","templated":true}]}}