{"id":19289,"date":"2025-04-30T09:24:33","date_gmt":"2025-04-30T12:24:33","guid":{"rendered":"https:\/\/www.miguelfaccio.com.br\/blog\/?p=19289"},"modified":"2025-04-30T09:24:34","modified_gmt":"2025-04-30T12:24:34","slug":"plv4085-livro-27-diario-21-11-2022","status":"publish","type":"post","link":"https:\/\/www.miguelfaccio.com.br\/blog\/index.php\/plv4085-livro-27-diario-21-11-2022\/","title":{"rendered":"PLV4085 \u2013 Livro 27 \u2013 Di\u00e1rio, 21\/11\/2022"},"content":{"rendered":"\n<p class=\"has-text-align-right\"><strong>21\/11\/2022<\/strong><\/p>\n\n\n\n<p>Estamos nos aproximando de uma conclus\u00e3o de nossa situa\u00e7\u00e3o pol\u00edtica, aqui neste lindo planeta azul. Este foi o maior levante popular contra as injusti\u00e7as praticadas que poderia levar a popula\u00e7\u00e3o brasileira para a escravid\u00e3o, n\u00e3o s\u00f3 f\u00edsica, mas especialmente mental, onde ningu\u00e9m pode ter uma religi\u00e3o e pratic\u00e1-la livremente. Ser\u00edamos, pelas tend\u00eancias do presidente falsamente eleito, suas formas de pensar, socialistas comunistas. Em pouco tempo, sob o seu jugo, estaremos como nosso pa\u00eds vizinho, a Argentina, e, em um tempo um pouco mais longo, estar\u00edamos como a Venezuela, se antes n\u00e3o for tomado por outros pa\u00edses. Para onde ir\u00e3o os filhos desta P\u00e1tria, se este \u00e9 o \u00fanico pa\u00eds que recebe os egressos de seus pa\u00edses j\u00e1 em regime comunista? Ser\u00e1 que a P\u00e1tria do Evangelho, a Terra de Santa Cruz, ter\u00e1 que dobrar-se aos gerentes das sombras e seus cavalos de batalha? Eu sei que o plano maior, o aux\u00edlio que vem das estrelas das mais diversas gal\u00e1xias, tamb\u00e9m est\u00e1 lutando contra as sombras. A luz precisa vencer. Este planeta foi fixado pelos Deuses H\u00e9lios e Vesta, na luz primordial, e foi fixado pelos sete Elohins e mantido at\u00e9 iniciar a girar sobre seu pr\u00f3prio eixo. Este planeta \u00e9 filho da luz e n\u00e3o pode ser dominado pelas trevas, ainda mais, j\u00e1 tendo entrado na quinta dimens\u00e3o. Que esta guerra entre a luz e as trevas seja vencida logo, pela luz, para que o planeta e seus habitantes consigam se estruturar na nova faixa vibrat\u00f3ria em que o planeta j\u00e1 entrou.<\/p>\n","protected":false},"excerpt":{"rendered":"<p>21\/11\/2022 Estamos nos aproximando de uma conclus\u00e3o de nossa situa\u00e7\u00e3o pol\u00edtica, aqui neste lindo planeta azul. Este foi o maior levante popular contra as injusti\u00e7as praticadas que poderia levar a popula\u00e7\u00e3o brasileira para a escravid\u00e3o, n\u00e3o s\u00f3 f\u00edsica, mas especialmente mental, onde ningu\u00e9m pode ter uma religi\u00e3o e pratic\u00e1-la livremente. Ser\u00edamos, pelas tend\u00eancias do presidente [&hellip;]<\/p>\n","protected":false},"author":1,"featured_media":0,"comment_status":"open","ping_status":"open","sticky":false,"template":"","format":"standard","meta":{"_mi_skip_tracking":false},"categories":[33],"tags":[],"_links":{"self":[{"href":"https:\/\/www.miguelfaccio.com.br\/blog\/index.php\/wp-json\/wp\/v2\/posts\/19289"}],"collection":[{"href":"https:\/\/www.miguelfaccio.com.br\/blog\/index.php\/wp-json\/wp\/v2\/posts"}],"about":[{"href":"https:\/\/www.miguelfaccio.com.br\/blog\/index.php\/wp-json\/wp\/v2\/types\/post"}],"author":[{"embeddable":true,"href":"https:\/\/www.miguelfaccio.com.br\/blog\/index.php\/wp-json\/wp\/v2\/users\/1"}],"replies":[{"embeddable":true,"href":"https:\/\/www.miguelfaccio.com.br\/blog\/index.php\/wp-json\/wp\/v2\/comments?post=19289"}],"version-history":[{"count":1,"href":"https:\/\/www.miguelfaccio.com.br\/blog\/index.php\/wp-json\/wp\/v2\/posts\/19289\/revisions"}],"predecessor-version":[{"id":19290,"href":"https:\/\/www.miguelfaccio.com.br\/blog\/index.php\/wp-json\/wp\/v2\/posts\/19289\/revisions\/19290"}],"wp:attachment":[{"href":"https:\/\/www.miguelfaccio.com.br\/blog\/index.php\/wp-json\/wp\/v2\/media?parent=19289"}],"wp:term":[{"taxonomy":"category","embeddable":true,"href":"https:\/\/www.miguelfaccio.com.br\/blog\/index.php\/wp-json\/wp\/v2\/categories?post=19289"},{"taxonomy":"post_tag","embeddable":true,"href":"https:\/\/www.miguelfaccio.com.br\/blog\/index.php\/wp-json\/wp\/v2\/tags?post=19289"}],"curies":[{"name":"wp","href":"https:\/\/api.w.org\/{rel}","templated":true}]}}