{"id":19285,"date":"2025-04-29T08:44:01","date_gmt":"2025-04-29T11:44:01","guid":{"rendered":"https:\/\/www.miguelfaccio.com.br\/blog\/?p=19285"},"modified":"2025-04-29T08:44:03","modified_gmt":"2025-04-29T11:44:03","slug":"plv4084-livro-27-diario-20-11-2022","status":"publish","type":"post","link":"https:\/\/www.miguelfaccio.com.br\/blog\/index.php\/plv4084-livro-27-diario-20-11-2022\/","title":{"rendered":"PLV4084 \u2013 Livro 27 \u2013 Di\u00e1rio, 20\/11\/2022"},"content":{"rendered":"\n<p class=\"has-text-align-right\"><strong>20\/11\/2022<\/strong><\/p>\n\n\n\n<p>A vida que tenho \u00e9 aquilo que brotou de meus pensamentos, de minhas palavras e de minhas obras, a consequ\u00eancia que resultou dos corpos anteriores de meu esp\u00edrito. H\u00e1 uma dicotomia aqui: como meu corpo pode alegrar-se ou sofrer aquilo que outros fizeram? Precisa ser bem entendido, e esta \u00e9 a grande dificuldade da humanidade terr\u00e1quea. Quem sofre, se alegra, carrega pedras ou tem uma vida nababesca, n\u00e3o \u00e9 o corpo. Sei que serei criticado por isso, mas n\u00e3o importa, dia vir\u00e1 em que todos conseguir\u00e3o o perfeito entendimento de tudo o que estou escrevendo. Quem sofre, se alegra, carrega pedras ou tem uma vida boa \u00e9 o esp\u00edrito. O corpo \u00e9 apenas um instrumento que o esp\u00edrito tem, sustenta a vida, para que lhe sirva de ve\u00edculo, intermedi\u00e1rio, entre o mundo espiritual e o mundo material. O corpo est\u00e1 sendo exatamente aquilo que o esp\u00edrito \u00e9 ou precisa resgatar. Digamos que voc\u00ea \u00e9 o esp\u00edrito e est\u00e1 usando um carro, um instrumento. Se o carro bater, quem ser\u00e1 o respons\u00e1vel? Quem pagar\u00e1 o conserto? Se n\u00e3o tiver mais conserto, deixa o carro no ferro velho. Da mesma forma, o esp\u00edrito \u00e9 respons\u00e1vel pelo que seu ve\u00edculo, seu corpo, seu instrumento fizer, porque a responsabilidade continua, mesmo o corpo tendo morrido. Pelas palavras do Cristo, o que foi semeado, a semente que foi plantada, ter\u00e1 que ser colhida, porque \u00e9 \u201cobrigat\u00f3ria\u201d. Quem ir\u00e1 acolher n\u00e3o ser\u00e1 o corpo, porque j\u00e1 se decomp\u00f4s em suas unidades at\u00f4micas, ter\u00e1 que ser o esp\u00edrito que deu vida \u00e0quele corpo.<\/p>\n","protected":false},"excerpt":{"rendered":"<p>20\/11\/2022 A vida que tenho \u00e9 aquilo que brotou de meus pensamentos, de minhas palavras e de minhas obras, a consequ\u00eancia que resultou dos corpos anteriores de meu esp\u00edrito. H\u00e1 uma dicotomia aqui: como meu corpo pode alegrar-se ou sofrer aquilo que outros fizeram? Precisa ser bem entendido, e esta \u00e9 a grande dificuldade da [&hellip;]<\/p>\n","protected":false},"author":1,"featured_media":0,"comment_status":"open","ping_status":"open","sticky":false,"template":"","format":"standard","meta":{"_mi_skip_tracking":false},"categories":[33],"tags":[],"_links":{"self":[{"href":"https:\/\/www.miguelfaccio.com.br\/blog\/index.php\/wp-json\/wp\/v2\/posts\/19285"}],"collection":[{"href":"https:\/\/www.miguelfaccio.com.br\/blog\/index.php\/wp-json\/wp\/v2\/posts"}],"about":[{"href":"https:\/\/www.miguelfaccio.com.br\/blog\/index.php\/wp-json\/wp\/v2\/types\/post"}],"author":[{"embeddable":true,"href":"https:\/\/www.miguelfaccio.com.br\/blog\/index.php\/wp-json\/wp\/v2\/users\/1"}],"replies":[{"embeddable":true,"href":"https:\/\/www.miguelfaccio.com.br\/blog\/index.php\/wp-json\/wp\/v2\/comments?post=19285"}],"version-history":[{"count":1,"href":"https:\/\/www.miguelfaccio.com.br\/blog\/index.php\/wp-json\/wp\/v2\/posts\/19285\/revisions"}],"predecessor-version":[{"id":19286,"href":"https:\/\/www.miguelfaccio.com.br\/blog\/index.php\/wp-json\/wp\/v2\/posts\/19285\/revisions\/19286"}],"wp:attachment":[{"href":"https:\/\/www.miguelfaccio.com.br\/blog\/index.php\/wp-json\/wp\/v2\/media?parent=19285"}],"wp:term":[{"taxonomy":"category","embeddable":true,"href":"https:\/\/www.miguelfaccio.com.br\/blog\/index.php\/wp-json\/wp\/v2\/categories?post=19285"},{"taxonomy":"post_tag","embeddable":true,"href":"https:\/\/www.miguelfaccio.com.br\/blog\/index.php\/wp-json\/wp\/v2\/tags?post=19285"}],"curies":[{"name":"wp","href":"https:\/\/api.w.org\/{rel}","templated":true}]}}