{"id":19281,"date":"2025-04-28T09:15:31","date_gmt":"2025-04-28T12:15:31","guid":{"rendered":"https:\/\/www.miguelfaccio.com.br\/blog\/?p=19281"},"modified":"2025-04-28T09:15:33","modified_gmt":"2025-04-28T12:15:33","slug":"plv4083-livro-27-diario-19-11-2022","status":"publish","type":"post","link":"https:\/\/www.miguelfaccio.com.br\/blog\/index.php\/plv4083-livro-27-diario-19-11-2022\/","title":{"rendered":"PLV4083 \u2013 Livro 27 \u2013 Di\u00e1rio, 19\/11\/2022"},"content":{"rendered":"\n<p class=\"has-text-align-right\"><strong>19\/11\/2022<\/strong><\/p>\n\n\n\n<p>O orbe inteiro est\u00e1 sentindo as grandes mudan\u00e7as que est\u00e3o acontecendo nesta parte do universo. Tanto \u00e9 que milh\u00f5es de naves, dos mais diversos tamanhos, j\u00e1 est\u00e3o pr\u00f3ximas da Terra, onde a metamorfose \u00e9 t\u00e3o intensa que precisa o conhecimento de tantos outros para bem poder sair-se desta empreitada \u00fanica havida aqui neste planeta. Pelos tantos bilh\u00f5es de anos de sua exist\u00eancia, agora apresentou condi\u00e7\u00f5es para sua maioridade, saindo de um planeta de provas e expia\u00e7\u00f5es para ingressar em um planeta de regenera\u00e7\u00e3o. Nessa nova situa\u00e7\u00e3o, n\u00e3o haver\u00e1 mais a cria\u00e7\u00e3o instintiva e sem consci\u00eancia da atual humanidade, que fazia de seu pensamento uma casinha de bonecas. N\u00e3o sabia que seus pensamentos era o poder criador dado por Deus a todos os seres para que eles criassem a estrada, o seu futuro, as condi\u00e7\u00f5es de viv\u00eancia de suas vidas f\u00edsicas futuras. Essa \u00e9 a condi\u00e7\u00e3o que nos torna Deuses, podermos criar-nos e recriar-nos, mas sempre nas condi\u00e7\u00f5es estabelecidas por Jesus, \u201ca semeadura e livre, mas a colheita \u00e9 obrigat\u00f3ria\u201d. Com todo o avan\u00e7o j\u00e1 existente nas ci\u00eancias dos homens, eles ainda est\u00e3o presos nas saias de Deus, isto \u00e9, Deus d\u00e1, Deus tira, Deus fa\u00e7a isso, Deus fa\u00e7a aquilo, Deus aben\u00e7oa, Deus condena alguns ao inferno e a outros traz para sentar-se \u00e0 sua direita, como se Deus fosse seu mordomo. No entanto, Deus n\u00e3o faz nada disso. No livro \u201cConversando com Deus\u201d, h\u00e1 uma frase que diz: \u201cDEUS APENAS OBSERVA\u201d. Quem faz, como diz Jesus, \u00e9 o \u201cPai que est\u00e1 em mim\u201d. Aquele poder que recebemos de Deus, de criar-nos e recriar-nos, isto \u00e9, o nosso pensamento, que tamb\u00e9m cria toda a evolu\u00e7\u00e3o das ci\u00eancias dos homens.<\/p>\n","protected":false},"excerpt":{"rendered":"<p>19\/11\/2022 O orbe inteiro est\u00e1 sentindo as grandes mudan\u00e7as que est\u00e3o acontecendo nesta parte do universo. Tanto \u00e9 que milh\u00f5es de naves, dos mais diversos tamanhos, j\u00e1 est\u00e3o pr\u00f3ximas da Terra, onde a metamorfose \u00e9 t\u00e3o intensa que precisa o conhecimento de tantos outros para bem poder sair-se desta empreitada \u00fanica havida aqui neste planeta. [&hellip;]<\/p>\n","protected":false},"author":1,"featured_media":0,"comment_status":"open","ping_status":"open","sticky":false,"template":"","format":"standard","meta":{"_mi_skip_tracking":false},"categories":[33],"tags":[],"_links":{"self":[{"href":"https:\/\/www.miguelfaccio.com.br\/blog\/index.php\/wp-json\/wp\/v2\/posts\/19281"}],"collection":[{"href":"https:\/\/www.miguelfaccio.com.br\/blog\/index.php\/wp-json\/wp\/v2\/posts"}],"about":[{"href":"https:\/\/www.miguelfaccio.com.br\/blog\/index.php\/wp-json\/wp\/v2\/types\/post"}],"author":[{"embeddable":true,"href":"https:\/\/www.miguelfaccio.com.br\/blog\/index.php\/wp-json\/wp\/v2\/users\/1"}],"replies":[{"embeddable":true,"href":"https:\/\/www.miguelfaccio.com.br\/blog\/index.php\/wp-json\/wp\/v2\/comments?post=19281"}],"version-history":[{"count":1,"href":"https:\/\/www.miguelfaccio.com.br\/blog\/index.php\/wp-json\/wp\/v2\/posts\/19281\/revisions"}],"predecessor-version":[{"id":19282,"href":"https:\/\/www.miguelfaccio.com.br\/blog\/index.php\/wp-json\/wp\/v2\/posts\/19281\/revisions\/19282"}],"wp:attachment":[{"href":"https:\/\/www.miguelfaccio.com.br\/blog\/index.php\/wp-json\/wp\/v2\/media?parent=19281"}],"wp:term":[{"taxonomy":"category","embeddable":true,"href":"https:\/\/www.miguelfaccio.com.br\/blog\/index.php\/wp-json\/wp\/v2\/categories?post=19281"},{"taxonomy":"post_tag","embeddable":true,"href":"https:\/\/www.miguelfaccio.com.br\/blog\/index.php\/wp-json\/wp\/v2\/tags?post=19281"}],"curies":[{"name":"wp","href":"https:\/\/api.w.org\/{rel}","templated":true}]}}