{"id":19277,"date":"2025-04-27T10:28:44","date_gmt":"2025-04-27T13:28:44","guid":{"rendered":"https:\/\/www.miguelfaccio.com.br\/blog\/?p=19277"},"modified":"2025-04-27T10:28:45","modified_gmt":"2025-04-27T13:28:45","slug":"plv4082-livro-27-diario-18-11-2022-2","status":"publish","type":"post","link":"https:\/\/www.miguelfaccio.com.br\/blog\/index.php\/plv4082-livro-27-diario-18-11-2022-2\/","title":{"rendered":"PLV4082 \u2013 Livro 27 \u2013 Di\u00e1rio, 18\/11\/2022"},"content":{"rendered":"\n<p class=\"has-text-align-right\"><strong>18\/11\/2022<\/strong><\/p>\n\n\n\n<p>A grande dificuldade que h\u00e1 no entendimento perfeito do que nos \u00e9 transmitido pelos nossos maiores do mundo espiritual \u00e9 conseguir encaixar essas informa\u00e7\u00f5es dentro de nosso tempo, que \u00e9 muito el\u00e1stico, comparativamente ao tempo dos que j\u00e1 est\u00e3o na vida ap\u00f3s a vida, ou que j\u00e1 migraram para evolu\u00e7\u00f5es mais elevadas da que ainda est\u00e1 dirigindo nosso tempo terr\u00e1queo, a terceira dimens\u00e3o. N\u00e3o temos, por ora, a intelectualiza\u00e7\u00e3o de que s\u00f3 h\u00e1 um tempo, que \u00e9 o agora, o tempo de Deus. Essa dicotomia que h\u00e1 entre a intelectualiza\u00e7\u00e3o do tempo e sua real apresenta\u00e7\u00e3o, \u00e9 que dificulta, em grande parte, a compreens\u00e3o das mensagens. Al\u00e9m disso, h\u00e1 a capacidade intelectiva do ser terr\u00e1queo, pois n\u00e3o est\u00e1 empenhado dentro do conhecimento do que h\u00e1 atr\u00e1s da mat\u00e9ria. Ateve-se, em suas ci\u00eancias, apenas ao estudo da mat\u00e9ria como \u00fanica coisa existente. Com isso, seu entendimento do que h\u00e1 ou que venha do alto, sempre lhe parecer\u00e1 estranho, da mesma forma que eu explicar a algu\u00e9m, que n\u00e3o sabe o que \u00e9 cateto e nem hipotenusa, o Teorema de Pit\u00e1goras. Essa humanidade que est\u00e1 vivendo a grande transforma\u00e7\u00e3o da Terra precisa come\u00e7ar urgentemente o estudo do agregado humano, especialmente no que se refere ao esp\u00edrito. Esta \u00e9 a parte essencial de nosso agregado, porque, sem ele, a mat\u00e9ria, o corpo, n\u00e3o existiria.<\/p>\n","protected":false},"excerpt":{"rendered":"<p>18\/11\/2022 A grande dificuldade que h\u00e1 no entendimento perfeito do que nos \u00e9 transmitido pelos nossos maiores do mundo espiritual \u00e9 conseguir encaixar essas informa\u00e7\u00f5es dentro de nosso tempo, que \u00e9 muito el\u00e1stico, comparativamente ao tempo dos que j\u00e1 est\u00e3o na vida ap\u00f3s a vida, ou que j\u00e1 migraram para evolu\u00e7\u00f5es mais elevadas da que [&hellip;]<\/p>\n","protected":false},"author":1,"featured_media":0,"comment_status":"open","ping_status":"open","sticky":false,"template":"","format":"standard","meta":{"_mi_skip_tracking":false},"categories":[33],"tags":[],"_links":{"self":[{"href":"https:\/\/www.miguelfaccio.com.br\/blog\/index.php\/wp-json\/wp\/v2\/posts\/19277"}],"collection":[{"href":"https:\/\/www.miguelfaccio.com.br\/blog\/index.php\/wp-json\/wp\/v2\/posts"}],"about":[{"href":"https:\/\/www.miguelfaccio.com.br\/blog\/index.php\/wp-json\/wp\/v2\/types\/post"}],"author":[{"embeddable":true,"href":"https:\/\/www.miguelfaccio.com.br\/blog\/index.php\/wp-json\/wp\/v2\/users\/1"}],"replies":[{"embeddable":true,"href":"https:\/\/www.miguelfaccio.com.br\/blog\/index.php\/wp-json\/wp\/v2\/comments?post=19277"}],"version-history":[{"count":1,"href":"https:\/\/www.miguelfaccio.com.br\/blog\/index.php\/wp-json\/wp\/v2\/posts\/19277\/revisions"}],"predecessor-version":[{"id":19278,"href":"https:\/\/www.miguelfaccio.com.br\/blog\/index.php\/wp-json\/wp\/v2\/posts\/19277\/revisions\/19278"}],"wp:attachment":[{"href":"https:\/\/www.miguelfaccio.com.br\/blog\/index.php\/wp-json\/wp\/v2\/media?parent=19277"}],"wp:term":[{"taxonomy":"category","embeddable":true,"href":"https:\/\/www.miguelfaccio.com.br\/blog\/index.php\/wp-json\/wp\/v2\/categories?post=19277"},{"taxonomy":"post_tag","embeddable":true,"href":"https:\/\/www.miguelfaccio.com.br\/blog\/index.php\/wp-json\/wp\/v2\/tags?post=19277"}],"curies":[{"name":"wp","href":"https:\/\/api.w.org\/{rel}","templated":true}]}}