{"id":19253,"date":"2025-04-25T08:47:37","date_gmt":"2025-04-25T11:47:37","guid":{"rendered":"https:\/\/www.miguelfaccio.com.br\/blog\/?p=19253"},"modified":"2025-04-25T08:47:39","modified_gmt":"2025-04-25T11:47:39","slug":"rcd4029-raios-ou-chamas","status":"publish","type":"post","link":"https:\/\/www.miguelfaccio.com.br\/blog\/index.php\/rcd4029-raios-ou-chamas\/","title":{"rendered":"RCD4029 Raios ou Chamas"},"content":{"rendered":"\n<p class=\"has-text-align-right\"><strong>O Conselho Intergal\u00e1ctico de Andr\u00f4meda <br>Atrav\u00e9s de Chellea Wilder<\/strong><\/p>\n\n\n\n<p>OS ARCONTES EST\u00c3O PARTINDO<\/p>\n\n\n\n<p>23 de abril de 2025<\/p>\n\n\n\n<p>Sauda\u00e7\u00f5es na Luz e no Amor do nosso Criador Infinito.<\/p>\n\n\n\n<p>\u00c9 um prazer conectar-nos com voc\u00eas e cri\u00e1-los na Luz.<\/p>\n\n\n\n<p>Obrigado por esta Transmiss\u00e3o.<\/p>\n\n\n\n<p>\u00c0 medida que essa profunda transforma\u00e7\u00e3o se inicia, voc\u00eas est\u00e3o testemunhando um momento significativo em sua hist\u00f3ria: a queda de um antigo reduto de controle e engano que governou a humanidade por tempo demais.<\/p>\n\n\n\n<p>Os Arcontes, aqueles que manipularam e dominaram a Terra por s\u00e9culos, est\u00e3o agora come\u00e7ando a se afastar deste reino. Este \u00eaxodo marca uma mudan\u00e7a crucial, pois as pr\u00f3prias paredes da Matrix, que confinavam e restringiam a consci\u00eancia humana, est\u00e3o desmoronando.<\/p>\n\n\n\n<p>As muitas estruturas de controle que mantinham essa ilus\u00e3o est\u00e3o come\u00e7ando a ruir e se desintegrar, revelando as verdades subjacentes que foram obscurecidas.<\/p>\n\n\n\n<p>Tornou-se cada vez mais evidente, mais do que nunca, que essas transi\u00e7\u00f5es est\u00e3o ocorrendo em todo o mundo. Pessoas de todas as esferas da vida est\u00e3o come\u00e7ando a despertar para a realidade de suas circunst\u00e2ncias, reconhecendo as ilus\u00f5es que as mantiveram cativas.<\/p>\n\n\n\n<p>N\u00f3s, juntamente com muitas de suas Fam\u00edlias Estelares, h\u00e1 muito tempo proclamamos que essa queda monumental do velho paradigma estava destinada a acontecer, e agora esse momento finalmente chegou.<\/p>\n\n\n\n<p>Chegou a hora de um enorme efeito domin\u00f3 de mudan\u00e7a se espalhar por toda a sua realidade, alterando a pr\u00f3pria estrutura da exist\u00eancia como voc\u00ea a conhece.<\/p>\n\n\n\n<p>Muitos de voc\u00eas, que projetam ativamente sua luz no mundo ao seu redor, desempenham um papel essencial nessa transforma\u00e7\u00e3o. Seus esfor\u00e7os para elevar a consci\u00eancia e espalhar o amor n\u00e3o s\u00e3o em v\u00e3o; s\u00e3o contribui\u00e7\u00f5es vitais para o despertar coletivo que est\u00e1 ocorrendo.<\/p>\n\n\n\n<p>continua<\/p>\n","protected":false},"excerpt":{"rendered":"<p>O Conselho Intergal\u00e1ctico de Andr\u00f4meda Atrav\u00e9s de Chellea Wilder OS ARCONTES EST\u00c3O PARTINDO 23 de abril de 2025 Sauda\u00e7\u00f5es na Luz e no Amor do nosso Criador Infinito. \u00c9 um prazer conectar-nos com voc\u00eas e cri\u00e1-los na Luz. Obrigado por esta Transmiss\u00e3o. \u00c0 medida que essa profunda transforma\u00e7\u00e3o se inicia, voc\u00eas est\u00e3o testemunhando um momento [&hellip;]<\/p>\n","protected":false},"author":1,"featured_media":0,"comment_status":"open","ping_status":"open","sticky":false,"template":"","format":"standard","meta":{"_mi_skip_tracking":false},"categories":[3],"tags":[],"_links":{"self":[{"href":"https:\/\/www.miguelfaccio.com.br\/blog\/index.php\/wp-json\/wp\/v2\/posts\/19253"}],"collection":[{"href":"https:\/\/www.miguelfaccio.com.br\/blog\/index.php\/wp-json\/wp\/v2\/posts"}],"about":[{"href":"https:\/\/www.miguelfaccio.com.br\/blog\/index.php\/wp-json\/wp\/v2\/types\/post"}],"author":[{"embeddable":true,"href":"https:\/\/www.miguelfaccio.com.br\/blog\/index.php\/wp-json\/wp\/v2\/users\/1"}],"replies":[{"embeddable":true,"href":"https:\/\/www.miguelfaccio.com.br\/blog\/index.php\/wp-json\/wp\/v2\/comments?post=19253"}],"version-history":[{"count":1,"href":"https:\/\/www.miguelfaccio.com.br\/blog\/index.php\/wp-json\/wp\/v2\/posts\/19253\/revisions"}],"predecessor-version":[{"id":19254,"href":"https:\/\/www.miguelfaccio.com.br\/blog\/index.php\/wp-json\/wp\/v2\/posts\/19253\/revisions\/19254"}],"wp:attachment":[{"href":"https:\/\/www.miguelfaccio.com.br\/blog\/index.php\/wp-json\/wp\/v2\/media?parent=19253"}],"wp:term":[{"taxonomy":"category","embeddable":true,"href":"https:\/\/www.miguelfaccio.com.br\/blog\/index.php\/wp-json\/wp\/v2\/categories?post=19253"},{"taxonomy":"post_tag","embeddable":true,"href":"https:\/\/www.miguelfaccio.com.br\/blog\/index.php\/wp-json\/wp\/v2\/tags?post=19253"}],"curies":[{"name":"wp","href":"https:\/\/api.w.org\/{rel}","templated":true}]}}