{"id":19247,"date":"2025-04-24T09:30:22","date_gmt":"2025-04-24T12:30:22","guid":{"rendered":"https:\/\/www.miguelfaccio.com.br\/blog\/?p=19247"},"modified":"2025-04-24T09:30:23","modified_gmt":"2025-04-24T12:30:23","slug":"plv4079-livro-27-diario-14-11-2022","status":"publish","type":"post","link":"https:\/\/www.miguelfaccio.com.br\/blog\/index.php\/plv4079-livro-27-diario-14-11-2022\/","title":{"rendered":"PLV4079 \u2013 Livro 27 \u2013 Di\u00e1rio, 14\/11\/2022"},"content":{"rendered":"\n<p class=\"has-text-align-right\"><strong>14\/11\/2022<\/strong><\/p>\n\n\n\n<p>O esp\u00edrito sempre busca sua evolu\u00e7\u00e3o. Sabemos que toda evolu\u00e7\u00e3o, tanto da mat\u00e9ria como do esp\u00edrito, precisam experienciar conhecimentos para poder evoluir. \u00c9 aqui que se encaixa o esp\u00edrito. Ele precisa experienciar conhecimentos, por isso desce para um corpo f\u00edsico para poder manipular esses conhecimentos. Se aqui no planeta ele encontrar um corpo que seja um bom instrumento, poder\u00e1 adiantar bastante sua evolu\u00e7\u00e3o. Agora, isso \u00e9 dif\u00edcil de acontecer, pois as crian\u00e7as n\u00e3o est\u00e3o sendo preparadas para servirem ao esp\u00edrito. Sua prepara\u00e7\u00e3o se baseia muito mais em princ\u00edpios puramente materiais e aqueles que possam servir ao esp\u00edrito ficam relegados para segundo plano ou simplesmente descartados. H\u00e1 uma inconsci\u00eancia coletiva que domina esta humanidade. O desconhecimento, o desleixo com aquilo que n\u00e3o pertence \u00e0 mat\u00e9ria, quase que um asco para com as coisas do esp\u00edrito. No entanto, corpo e esp\u00edrito formam uma dualidade insepar\u00e1vel. Est\u00e3o juntos para ambos crescerem, evolu\u00edrem. O corpo na ci\u00eancia dos homens e o esp\u00edrito na sua evolu\u00e7\u00e3o espiritual. Quem carrega a maior parte do conhecimento \u00e9 o esp\u00edrito, que passa ao corpo o quantum de conhecimento que ele possui. Aquilo de conhecimento que o corpo apresentar lhe ser\u00e1 passado pelo esp\u00edrito. O esp\u00edrito \u00e9 quem dita a evolu\u00e7\u00e3o do corpo. Ele \u00e9 a base, o sustent\u00e1culo da vida do corpo. Ele vive pela eternidade, ao passo que, quando sair do corpo, este vai retornar ao p\u00f3 da terra.<\/p>\n","protected":false},"excerpt":{"rendered":"<p>14\/11\/2022 O esp\u00edrito sempre busca sua evolu\u00e7\u00e3o. Sabemos que toda evolu\u00e7\u00e3o, tanto da mat\u00e9ria como do esp\u00edrito, precisam experienciar conhecimentos para poder evoluir. \u00c9 aqui que se encaixa o esp\u00edrito. Ele precisa experienciar conhecimentos, por isso desce para um corpo f\u00edsico para poder manipular esses conhecimentos. Se aqui no planeta ele encontrar um corpo que [&hellip;]<\/p>\n","protected":false},"author":1,"featured_media":0,"comment_status":"open","ping_status":"open","sticky":false,"template":"","format":"standard","meta":{"_mi_skip_tracking":false},"categories":[33],"tags":[],"_links":{"self":[{"href":"https:\/\/www.miguelfaccio.com.br\/blog\/index.php\/wp-json\/wp\/v2\/posts\/19247"}],"collection":[{"href":"https:\/\/www.miguelfaccio.com.br\/blog\/index.php\/wp-json\/wp\/v2\/posts"}],"about":[{"href":"https:\/\/www.miguelfaccio.com.br\/blog\/index.php\/wp-json\/wp\/v2\/types\/post"}],"author":[{"embeddable":true,"href":"https:\/\/www.miguelfaccio.com.br\/blog\/index.php\/wp-json\/wp\/v2\/users\/1"}],"replies":[{"embeddable":true,"href":"https:\/\/www.miguelfaccio.com.br\/blog\/index.php\/wp-json\/wp\/v2\/comments?post=19247"}],"version-history":[{"count":1,"href":"https:\/\/www.miguelfaccio.com.br\/blog\/index.php\/wp-json\/wp\/v2\/posts\/19247\/revisions"}],"predecessor-version":[{"id":19248,"href":"https:\/\/www.miguelfaccio.com.br\/blog\/index.php\/wp-json\/wp\/v2\/posts\/19247\/revisions\/19248"}],"wp:attachment":[{"href":"https:\/\/www.miguelfaccio.com.br\/blog\/index.php\/wp-json\/wp\/v2\/media?parent=19247"}],"wp:term":[{"taxonomy":"category","embeddable":true,"href":"https:\/\/www.miguelfaccio.com.br\/blog\/index.php\/wp-json\/wp\/v2\/categories?post=19247"},{"taxonomy":"post_tag","embeddable":true,"href":"https:\/\/www.miguelfaccio.com.br\/blog\/index.php\/wp-json\/wp\/v2\/tags?post=19247"}],"curies":[{"name":"wp","href":"https:\/\/api.w.org\/{rel}","templated":true}]}}