{"id":19242,"date":"2025-04-23T09:47:09","date_gmt":"2025-04-23T12:47:09","guid":{"rendered":"https:\/\/www.miguelfaccio.com.br\/blog\/?p=19242"},"modified":"2025-04-23T09:47:11","modified_gmt":"2025-04-23T12:47:11","slug":"plv4078-livro-27-diario-13-11-2022","status":"publish","type":"post","link":"https:\/\/www.miguelfaccio.com.br\/blog\/index.php\/plv4078-livro-27-diario-13-11-2022\/","title":{"rendered":"PLV4078 \u2013 Livro 27 \u2013 Di\u00e1rio, 13\/11\/2022"},"content":{"rendered":"\n<p class=\"has-text-align-right\"><strong>13\/11\/2022<\/strong><\/p>\n\n\n\n<p>Hoje, enquanto aguardava minha esposa acamada tomar seu caf\u00e9, vi no Facebook o post de um padre, que n\u00e3o vou citar o nome, onde ele diz que \u201cquem ama sofre\u201d. N\u00e3o sei at\u00e9 que ponto vai a afirma\u00e7\u00e3o deste padre. Ele diz que \u201cquem ama, sofre, que Jesus a ess\u00eancia do amor, o suprassumo do amor, morreu crucificado\u201d. Isso me parece um pouco fora de par\u00e2metros. Isso n\u00e3o pode ser o gabarito para uma conclus\u00e3o. O Amor e a dor est\u00e3o distanciados por meia eternidade. O amor \u00e9 a sublima\u00e7\u00e3o da alma, \u00e9 lev\u00e1-la o mais pr\u00f3ximo poss\u00edvel da nossa evolu\u00e7\u00e3o, ao objetivo que o pr\u00f3prio Cristo nos deu, \u201csede perfeitos como perfeito \u00e9 nosso Pai que est\u00e1 nos c\u00e9us\u201d. O amor nos aproxima do Criador, ao passo que a dor \u00e9 consequ\u00eancia de pecados por pensamentos, por palavras e por obras. A dor \u00e9 mostrar ao corpo f\u00edsico que precisa mudar, que est\u00e1 resgatando aquilo de errado que corpos anteriores de seu esp\u00edrito fizeram, e que precisam ser resgatados, tal como diz o Cristo: \u201cA semeadura \u00e9 livre, mas a colheita \u00e9 obrigat\u00f3ria\u201d. Quem planta amor, n\u00e3o pode colher dor, porque isso contradiz a senten\u00e7a do Cristo. Podem estar juntos, mas uma n\u00e3o \u00e9 consequ\u00eancia da outra. Amor \u00e9 eleva\u00e7\u00e3o, \u00e9 sublima\u00e7\u00e3o de nossa condi\u00e7\u00e3o humana. A dor \u00e9 a consequ\u00eancia das sementes que plantamos no passado, pode ser pr\u00f3ximo ou mais long\u00ednquo, n\u00e3o importa. Se semeamos ciz\u00e2nia, joio, espinhos, de acordo com o Cristo, vamos colher ciz\u00e2nia, joio, espinhos. Pode demorar, mas eles nos encontrar\u00e3o, pode ser daqui a mil anos. O amor n\u00e3o \u00e9 um cavalo que se atrela \u00e0 carro\u00e7a da dor.<\/p>\n","protected":false},"excerpt":{"rendered":"<p>13\/11\/2022 Hoje, enquanto aguardava minha esposa acamada tomar seu caf\u00e9, vi no Facebook o post de um padre, que n\u00e3o vou citar o nome, onde ele diz que \u201cquem ama sofre\u201d. N\u00e3o sei at\u00e9 que ponto vai a afirma\u00e7\u00e3o deste padre. Ele diz que \u201cquem ama, sofre, que Jesus a ess\u00eancia do amor, o suprassumo [&hellip;]<\/p>\n","protected":false},"author":1,"featured_media":0,"comment_status":"open","ping_status":"open","sticky":false,"template":"","format":"standard","meta":{"_mi_skip_tracking":false},"categories":[33],"tags":[],"_links":{"self":[{"href":"https:\/\/www.miguelfaccio.com.br\/blog\/index.php\/wp-json\/wp\/v2\/posts\/19242"}],"collection":[{"href":"https:\/\/www.miguelfaccio.com.br\/blog\/index.php\/wp-json\/wp\/v2\/posts"}],"about":[{"href":"https:\/\/www.miguelfaccio.com.br\/blog\/index.php\/wp-json\/wp\/v2\/types\/post"}],"author":[{"embeddable":true,"href":"https:\/\/www.miguelfaccio.com.br\/blog\/index.php\/wp-json\/wp\/v2\/users\/1"}],"replies":[{"embeddable":true,"href":"https:\/\/www.miguelfaccio.com.br\/blog\/index.php\/wp-json\/wp\/v2\/comments?post=19242"}],"version-history":[{"count":1,"href":"https:\/\/www.miguelfaccio.com.br\/blog\/index.php\/wp-json\/wp\/v2\/posts\/19242\/revisions"}],"predecessor-version":[{"id":19243,"href":"https:\/\/www.miguelfaccio.com.br\/blog\/index.php\/wp-json\/wp\/v2\/posts\/19242\/revisions\/19243"}],"wp:attachment":[{"href":"https:\/\/www.miguelfaccio.com.br\/blog\/index.php\/wp-json\/wp\/v2\/media?parent=19242"}],"wp:term":[{"taxonomy":"category","embeddable":true,"href":"https:\/\/www.miguelfaccio.com.br\/blog\/index.php\/wp-json\/wp\/v2\/categories?post=19242"},{"taxonomy":"post_tag","embeddable":true,"href":"https:\/\/www.miguelfaccio.com.br\/blog\/index.php\/wp-json\/wp\/v2\/tags?post=19242"}],"curies":[{"name":"wp","href":"https:\/\/api.w.org\/{rel}","templated":true}]}}