{"id":19238,"date":"2025-04-22T09:33:27","date_gmt":"2025-04-22T12:33:27","guid":{"rendered":"https:\/\/www.miguelfaccio.com.br\/blog\/?p=19238"},"modified":"2025-04-22T09:33:29","modified_gmt":"2025-04-22T12:33:29","slug":"plv4077-livro-27-diario-12-11-2022","status":"publish","type":"post","link":"https:\/\/www.miguelfaccio.com.br\/blog\/index.php\/plv4077-livro-27-diario-12-11-2022\/","title":{"rendered":"PLV4077 \u2013 Livro 27 \u2013 Di\u00e1rio, 12\/11\/2022"},"content":{"rendered":"\n<p class=\"has-text-align-right\"><strong>12\/11\/2022<\/strong><\/p>\n\n\n\n<p>Nos esquecemos com facilidade que nossos pensamentos, nossas palavras e nossas obras tornam-se a coroa de flores ou as pedras que encontramos no caminho. Precisamos entender que nossa vida atual \u00e9 consequ\u00eancia daquilo que fizemos no passado e que aquilo que estamos fazendo agora, seu resultado poder\u00e1 ser sentido em vidas futuras. A vida que estamos vivendo agora \u00e9 nossa, e ningu\u00e9m ir\u00e1 interferir, muito menos nos levantar do ch\u00e3o. Poder\u00e3o apenas nos dar as m\u00e3os, mas n\u00e3o nos puxar\u00e3o do atoleiro em que estamos. Nem Deus interfere, porque \u00e9 quest\u00e3o de livre-arb\u00edtrio. Os seres do mundo maior poder\u00e3o apenas nos intuir, mas ningu\u00e9m nos carrega nas costas. Esse conhecimento \u00e9 de vital import\u00e2ncia, pois nos d\u00e1 a exata dimens\u00e3o de nossa realidade de filhos de Deus, com liberdade de fazer o que quiser, com a responsabilidade sobre aquilo que fez. Aquilo que eleva sua energia o evolui, e aquilo que for negativo ter\u00e1 que ser ressarcido. \u00c9 o ensino de Jesus: \u201ca semeadura \u00e9 livre, mas a colheita \u00e9 obrigat\u00f3ria\u201d. Isso quer dizer que cada um \u00e9 respons\u00e1vel pelo que fez. Hoje, amanh\u00e3, ou daqui h\u00e1 um s\u00e9culo, ter\u00e1 que colher o que semeou. A ci\u00eancia dos homens tamb\u00e9m confirma isso, mas, em outras palavras, \u201ca todo o ato, h\u00e1 um outro ato, na mesma intensidade, mas em sentido contr\u00e1rio\u201d. O que falta a esta humanidade \u00e9 a vontade de conhecer e entender aquilo que est\u00e1 escondido atr\u00e1s da mat\u00e9ria.<\/p>\n","protected":false},"excerpt":{"rendered":"<p>12\/11\/2022 Nos esquecemos com facilidade que nossos pensamentos, nossas palavras e nossas obras tornam-se a coroa de flores ou as pedras que encontramos no caminho. Precisamos entender que nossa vida atual \u00e9 consequ\u00eancia daquilo que fizemos no passado e que aquilo que estamos fazendo agora, seu resultado poder\u00e1 ser sentido em vidas futuras. A vida [&hellip;]<\/p>\n","protected":false},"author":1,"featured_media":0,"comment_status":"open","ping_status":"open","sticky":false,"template":"","format":"standard","meta":{"_mi_skip_tracking":false},"categories":[33],"tags":[],"_links":{"self":[{"href":"https:\/\/www.miguelfaccio.com.br\/blog\/index.php\/wp-json\/wp\/v2\/posts\/19238"}],"collection":[{"href":"https:\/\/www.miguelfaccio.com.br\/blog\/index.php\/wp-json\/wp\/v2\/posts"}],"about":[{"href":"https:\/\/www.miguelfaccio.com.br\/blog\/index.php\/wp-json\/wp\/v2\/types\/post"}],"author":[{"embeddable":true,"href":"https:\/\/www.miguelfaccio.com.br\/blog\/index.php\/wp-json\/wp\/v2\/users\/1"}],"replies":[{"embeddable":true,"href":"https:\/\/www.miguelfaccio.com.br\/blog\/index.php\/wp-json\/wp\/v2\/comments?post=19238"}],"version-history":[{"count":1,"href":"https:\/\/www.miguelfaccio.com.br\/blog\/index.php\/wp-json\/wp\/v2\/posts\/19238\/revisions"}],"predecessor-version":[{"id":19239,"href":"https:\/\/www.miguelfaccio.com.br\/blog\/index.php\/wp-json\/wp\/v2\/posts\/19238\/revisions\/19239"}],"wp:attachment":[{"href":"https:\/\/www.miguelfaccio.com.br\/blog\/index.php\/wp-json\/wp\/v2\/media?parent=19238"}],"wp:term":[{"taxonomy":"category","embeddable":true,"href":"https:\/\/www.miguelfaccio.com.br\/blog\/index.php\/wp-json\/wp\/v2\/categories?post=19238"},{"taxonomy":"post_tag","embeddable":true,"href":"https:\/\/www.miguelfaccio.com.br\/blog\/index.php\/wp-json\/wp\/v2\/tags?post=19238"}],"curies":[{"name":"wp","href":"https:\/\/api.w.org\/{rel}","templated":true}]}}