{"id":19236,"date":"2025-04-21T09:44:49","date_gmt":"2025-04-21T12:44:49","guid":{"rendered":"https:\/\/www.miguelfaccio.com.br\/blog\/?p=19236"},"modified":"2025-04-21T09:44:51","modified_gmt":"2025-04-21T12:44:51","slug":"rcd4025-raios-ou-chamas","status":"publish","type":"post","link":"https:\/\/www.miguelfaccio.com.br\/blog\/index.php\/rcd4025-raios-ou-chamas\/","title":{"rendered":"RCD4025 Raios ou Chamas"},"content":{"rendered":"\n<p class=\"has-text-align-right\"><strong>Mensagem de Jeshua <br>Canalizada por Pamela Kribbe<\/strong><\/p>\n\n\n\n<p>SEU CAMINHO INDIVIDUAL<\/p>\n\n\n\n<p>continua\u00e7\u00e3o<\/p>\n\n\n\n<p>\u00c9 isto que estou querendo dizer quando afirmo: leve-se a s\u00e9rio e fique atento para cuidar de si mesmo como um Trabalhador da Luz. Voc\u00ea \u00e9, e continua sendo, vulner\u00e1vel e sens\u00edvel, exatamente porque \u00e9 t\u00e3o corajoso ao seguir seu caminho interior.<\/p>\n\n\n\n<p>Agora imagine, por um instante, a sua d\u00e1diva ou d\u00e1divas \u00fanicas para este mundo, que partem do fluxo da sua alma. Veja-as como uma flor que irradia sua luz a partir do seu cora\u00e7\u00e3o. Descubra a flor no centro do seu cora\u00e7\u00e3o, que reflete a sua energia.<\/p>\n\n\n\n<p>Imagine que voc\u00ea compartilha com o mundo, com a sociedade, esta energia preciosa, nascida da sua transforma\u00e7\u00e3o interior. Observe como \u00e9 esse fluxo.<\/p>\n\n\n\n<p>Voc\u00ea sente que essa energia \u00fanica, que pertence ao seu caminho individual, chega no seu trabalho, nos seus relacionamentos, no mundo ao seu redor? Ou voc\u00ea sente que est\u00e1 retendo alguma coisa? Observe tamb\u00e9m como essa energia, essa flor radiante no seu cora\u00e7\u00e3o, \u00e9 recebida pelas pessoas ao seu redor.<\/p>\n\n\n\n<p>Imagine-se diante de uma pessoa que \u00e9 muito importante para voc\u00ea e que voc\u00ea est\u00e1 oferecendo-lhe, a partir do seu cora\u00e7\u00e3o, a energia da sua flor. Veja se essa pessoa pode realmente receb\u00ea-la; se ela oferece resist\u00eancia ou se abre para a sua d\u00e1diva \u2013 e observe isso sem julgamento.<\/p>\n\n\n\n<p>Isto tamb\u00e9m pode ser feito em rela\u00e7\u00e3o ao seu trabalho: sinta se a sua energia pode fluir em determinado lugar, ou em uma situa\u00e7\u00e3o espec\u00edfica, e se ela \u00e9 realmente recebida; ou seja, se ela \u00e9 compreendida e apreciada. Isto \u00e9 importante!<\/p>\n\n\n\n<p>Por favor, trate-se com carinho e respeito; preserve, nutra e valorize a flor em seu cora\u00e7\u00e3o, que \u00e9 t\u00e3o valiosa.<\/p>\n\n\n\n<p>Finalmente, pe\u00e7o a todos voc\u00eas que sintam a minha presen\u00e7a. Eu n\u00e3o estou sozinho aqui. Voc\u00eas est\u00e3o rodeados por guias amorosos que amparam cada um de voc\u00eas em seu respectivo caminho, como ser humano e Trabalhador da Luz.<\/p>\n\n\n\n<p>Voc\u00eas est\u00e3o rodeados de luz e suporte das esferas n\u00e3o-terrenas. Voc\u00eas s\u00e3o muito amados! Sintam o respeito e o carinho que v\u00eam da nossa esfera para voc\u00eas. E tratem-se deste mesmo modo.<\/p>\n\n\n\n<p>Eu os sa\u00fado a partir da nossa conex\u00e3o interior.<\/p>\n\n\n\n<p>Saibam que Eu nunca estou longe. N\u00f3s Somos Um.<\/p>\n\n\n\n<p>~ Jeshua<\/p>\n\n\n\n<p>Formata\u00e7\u00e3o \u2013 DE CORA\u00c7\u00c3O A CORA\u00c7\u00c3O<\/p>\n\n\n\n<figure class=\"wp-block-embed\"><div class=\"wp-block-embed__wrapper\">\nhttp:\/\/www.decoracaoacoracao.blog.br\/\n<\/div><\/figure>\n\n\n\n<figure class=\"wp-block-embed\"><div class=\"wp-block-embed__wrapper\">\nhttp:\/\/stelalecocq.blogspot.com\n<\/div><\/figure>\n\n\n\n<figure class=\"wp-block-embed\"><div class=\"wp-block-embed__wrapper\">\nhttps:\/\/lecocq.wordpress.com\n<\/div><\/figure>\n\n\n\n<p>Instagram \u2013 @blogdecoracaoacoracao<\/p>\n\n\n\n<p>Informa\u00e7\u00f5es e Agendamentos para Mesa Qu\u00e2ntica Estelar, Mesa Pet, Mesa Qu\u00e2ntica 2.0, Florais de Bach, Sistema Regenerador Ashtariano, Sistema Arcturiano de Cura Multidimensional \u2013 lecocqmuller@gmail.com<\/p>\n\n\n\n<p>E-book \u201cMensagens dos Mestres \u2013 De Cora\u00e7\u00e3o a Cora\u00e7\u00e3o\u201d \u2013 https:\/\/mensagensdosmestres.blogspot.com\/<\/p>\n\n\n\n<p>\u00a9 Pamela Kribbe http:\/\/www.jeshua.net<\/p>\n\n\n\n<p>Tradu\u00e7\u00e3o de Vera Corr\u00eaa veracorrea46@gmail.com<\/p>\n\n\n\n<p>Respeite todos os cr\u00e9ditos ao compartilhar<\/p>\n\n\n\n<p>LUZ!<\/p>\n\n\n\n<p>STELA<\/p>\n","protected":false},"excerpt":{"rendered":"<p>Mensagem de Jeshua Canalizada por Pamela Kribbe SEU CAMINHO INDIVIDUAL continua\u00e7\u00e3o \u00c9 isto que estou querendo dizer quando afirmo: leve-se a s\u00e9rio e fique atento para cuidar de si mesmo como um Trabalhador da Luz. Voc\u00ea \u00e9, e continua sendo, vulner\u00e1vel e sens\u00edvel, exatamente porque \u00e9 t\u00e3o corajoso ao seguir seu caminho interior. Agora imagine, [&hellip;]<\/p>\n","protected":false},"author":1,"featured_media":0,"comment_status":"open","ping_status":"open","sticky":false,"template":"","format":"standard","meta":{"_mi_skip_tracking":false},"categories":[3],"tags":[],"_links":{"self":[{"href":"https:\/\/www.miguelfaccio.com.br\/blog\/index.php\/wp-json\/wp\/v2\/posts\/19236"}],"collection":[{"href":"https:\/\/www.miguelfaccio.com.br\/blog\/index.php\/wp-json\/wp\/v2\/posts"}],"about":[{"href":"https:\/\/www.miguelfaccio.com.br\/blog\/index.php\/wp-json\/wp\/v2\/types\/post"}],"author":[{"embeddable":true,"href":"https:\/\/www.miguelfaccio.com.br\/blog\/index.php\/wp-json\/wp\/v2\/users\/1"}],"replies":[{"embeddable":true,"href":"https:\/\/www.miguelfaccio.com.br\/blog\/index.php\/wp-json\/wp\/v2\/comments?post=19236"}],"version-history":[{"count":1,"href":"https:\/\/www.miguelfaccio.com.br\/blog\/index.php\/wp-json\/wp\/v2\/posts\/19236\/revisions"}],"predecessor-version":[{"id":19237,"href":"https:\/\/www.miguelfaccio.com.br\/blog\/index.php\/wp-json\/wp\/v2\/posts\/19236\/revisions\/19237"}],"wp:attachment":[{"href":"https:\/\/www.miguelfaccio.com.br\/blog\/index.php\/wp-json\/wp\/v2\/media?parent=19236"}],"wp:term":[{"taxonomy":"category","embeddable":true,"href":"https:\/\/www.miguelfaccio.com.br\/blog\/index.php\/wp-json\/wp\/v2\/categories?post=19236"},{"taxonomy":"post_tag","embeddable":true,"href":"https:\/\/www.miguelfaccio.com.br\/blog\/index.php\/wp-json\/wp\/v2\/tags?post=19236"}],"curies":[{"name":"wp","href":"https:\/\/api.w.org\/{rel}","templated":true}]}}