{"id":19234,"date":"2025-04-21T09:41:44","date_gmt":"2025-04-21T12:41:44","guid":{"rendered":"https:\/\/www.miguelfaccio.com.br\/blog\/?p=19234"},"modified":"2025-04-21T09:41:45","modified_gmt":"2025-04-21T12:41:45","slug":"plv4076-livro-27-diario-11-11-2022","status":"publish","type":"post","link":"https:\/\/www.miguelfaccio.com.br\/blog\/index.php\/plv4076-livro-27-diario-11-11-2022\/","title":{"rendered":"PLV4076 \u2013 Livro 27 \u2013 Di\u00e1rio, 11\/11\/2022"},"content":{"rendered":"\n<p class=\"has-text-align-right\"><strong>11\/11\/2022<\/strong><\/p>\n\n\n\n<p>Os terr\u00e1queos n\u00e3o se conscientizaram ainda que a vida n\u00e3o \u00e9 o corpo f\u00edsico, aquilo que aparece aos nossos olhos. N\u00e3o temos, pela defici\u00eancia de nossos sentidos, a capacidade de ver a vida. Somente nossa capacidade racional pode, quando muito bem dimensionada e analisada, compreender e aceitar o entendimento da vida. A origem da vida est\u00e1 em Deus. A vida \u00e9 uma energia Divina. A vida que achamos ser o corpo nada mais \u00e9 do que a energia que o sustenta. Se a vida fosse o corpo, ele nunca poderia morrer, pois a vida \u00e9 eterna, o corpo \u00e9 fal\u00edvel e tem um tempo determinado de exist\u00eancia, como diz o Cristo, \u201cvolta ao p\u00f3 da terra\u201d. Diz a B\u00edblia que, quando Deus criou o ser humano, formou-o do barro e soprou sobre ele seu h\u00e1lito, isto \u00e9, sua energia, que chamamos simplesmente de esp\u00edrito. Esse h\u00e1lito Divino, essa energia, \u00e9 a vida, e o corpo apenas um boneco de barro. Essa energia Divina nas suas mais variadas frequ\u00eancias e intensidades forma, d\u00e1 estabilidade ao \u00e1tomo, que faze com que os el\u00e9trons permane\u00e7am conectados com o n\u00facleo. O mesmo ocorre com os corpos, que s\u00e3o formados por milh\u00f5es de mir\u00edades de \u00e1tomos. Da mesma forma os planetas, as estrelas e as gal\u00e1xias. O que lhes d\u00e1 a exist\u00eancia \u00e9 essa energia Divina, em uma determinada faixa de frequ\u00eancia e intensidade. Procura entender isso e ter\u00e1s o entendimento da Divindade.<\/p>\n","protected":false},"excerpt":{"rendered":"<p>11\/11\/2022 Os terr\u00e1queos n\u00e3o se conscientizaram ainda que a vida n\u00e3o \u00e9 o corpo f\u00edsico, aquilo que aparece aos nossos olhos. N\u00e3o temos, pela defici\u00eancia de nossos sentidos, a capacidade de ver a vida. Somente nossa capacidade racional pode, quando muito bem dimensionada e analisada, compreender e aceitar o entendimento da vida. A origem da [&hellip;]<\/p>\n","protected":false},"author":1,"featured_media":0,"comment_status":"open","ping_status":"open","sticky":false,"template":"","format":"standard","meta":{"_mi_skip_tracking":false},"categories":[33],"tags":[],"_links":{"self":[{"href":"https:\/\/www.miguelfaccio.com.br\/blog\/index.php\/wp-json\/wp\/v2\/posts\/19234"}],"collection":[{"href":"https:\/\/www.miguelfaccio.com.br\/blog\/index.php\/wp-json\/wp\/v2\/posts"}],"about":[{"href":"https:\/\/www.miguelfaccio.com.br\/blog\/index.php\/wp-json\/wp\/v2\/types\/post"}],"author":[{"embeddable":true,"href":"https:\/\/www.miguelfaccio.com.br\/blog\/index.php\/wp-json\/wp\/v2\/users\/1"}],"replies":[{"embeddable":true,"href":"https:\/\/www.miguelfaccio.com.br\/blog\/index.php\/wp-json\/wp\/v2\/comments?post=19234"}],"version-history":[{"count":1,"href":"https:\/\/www.miguelfaccio.com.br\/blog\/index.php\/wp-json\/wp\/v2\/posts\/19234\/revisions"}],"predecessor-version":[{"id":19235,"href":"https:\/\/www.miguelfaccio.com.br\/blog\/index.php\/wp-json\/wp\/v2\/posts\/19234\/revisions\/19235"}],"wp:attachment":[{"href":"https:\/\/www.miguelfaccio.com.br\/blog\/index.php\/wp-json\/wp\/v2\/media?parent=19234"}],"wp:term":[{"taxonomy":"category","embeddable":true,"href":"https:\/\/www.miguelfaccio.com.br\/blog\/index.php\/wp-json\/wp\/v2\/categories?post=19234"},{"taxonomy":"post_tag","embeddable":true,"href":"https:\/\/www.miguelfaccio.com.br\/blog\/index.php\/wp-json\/wp\/v2\/tags?post=19234"}],"curies":[{"name":"wp","href":"https:\/\/api.w.org\/{rel}","templated":true}]}}