{"id":19232,"date":"2025-04-20T08:39:53","date_gmt":"2025-04-20T11:39:53","guid":{"rendered":"https:\/\/www.miguelfaccio.com.br\/blog\/?p=19232"},"modified":"2025-04-20T08:39:54","modified_gmt":"2025-04-20T11:39:54","slug":"rcd4024-raios-ou-chamas","status":"publish","type":"post","link":"https:\/\/www.miguelfaccio.com.br\/blog\/index.php\/rcd4024-raios-ou-chamas\/","title":{"rendered":"RCD4024 Raios ou Chamas"},"content":{"rendered":"\n<p class=\"has-text-align-right\"><strong>Mensagem de Jeshua <br>Canalizada por Pamela Kribbe<\/strong><\/p>\n\n\n\n<p>SEU CAMINHO INDIVIDUAL<\/p>\n\n\n\n<p>continua\u00e7\u00e3o Permita que essa \u00e1rea se conscientize de si mesma. E se quiser, deixe que lhe venha \u00e0 mente uma imagem que represente essa energia bloqueada, que lhe ofere\u00e7a um entendimento sobre esse bloqueio.<\/p>\n\n\n\n<p>Sinta o que existe a\u00ed e olhe para isso amorosamente. Voc\u00ea n\u00e3o precisa fazer nada a respeito disso. Simplesmente sinta essa energia e observe onde ela o bloqueia; e olhe para ela com carinho.<\/p>\n\n\n\n<p>Talvez voc\u00ea veja uma crian\u00e7a nessa parte bloqueada ou estagnada; uma crian\u00e7a que lhe pertence, uma crian\u00e7a interior que gostaria de se libertar, mas est\u00e1 sobrecarregada por certos medos e julgamentos.<\/p>\n\n\n\n<p>Veja se voc\u00ea consegue se abrir para essa crian\u00e7a, perguntando-lhe o que seria necess\u00e1rio para que ela fosse capaz de se expressar no mundo e se desenvolver com mais liberdade.<\/p>\n\n\n\n<p>Imagine que voc\u00ea est\u00e1 vendo essa crian\u00e7a. Perceba que, quando voc\u00ea se conecta desta forma com uma parte sua bloqueada, a cura come\u00e7a imediatamente. Quando voc\u00ea olha livre e abertamente para as partes sombrias em voc\u00ea, observando-as sem julgamento, o amor flui.<\/p>\n\n\n\n<p>E isto, por si s\u00f3, j\u00e1 \u00e9 curativo: a parte que estava perdida volta para voc\u00ea. Deixe que isto aconte\u00e7a! Acolha em si a crian\u00e7a que se perdeu ou que se conteve. Ela \u00e9 uma fonte de vida e quer vir at\u00e9 voc\u00ea.<\/p>\n\n\n\n<p>Agora quero lhe falar uma coisa sobre o Trabalho de Luz que voc\u00ea realiza no mundo.<\/p>\n\n\n\n<p>Ao se voltar para as profundezas do seu ser, examinando e confrontando suas partes sombrias, voc\u00ea tamb\u00e9m faz algo pela consci\u00eancia coletiva. Voc\u00ea abre um novo caminho e novas oportunidades para que o campo maior da consci\u00eancia se eleve a outro n\u00edvel \u2013 um n\u00edvel de mais abertura, cordialidade e amor.<\/p>\n\n\n\n<p>Esta estrada, que \u00e0s vezes parece muito solit\u00e1ria, exige coragem e dire\u00e7\u00e3o, e n\u00e3o apenas para voc\u00ea mesmo. Em \u00faltima an\u00e1lise, o que voc\u00ea tem para oferecer aos outros \u00e9 a sua pr\u00f3pria senda de desenvolvimento, o caminho que voc\u00ea percorreu com muita dor e esfor\u00e7o.<\/p>\n\n\n\n<p>A cura e a transforma\u00e7\u00e3o que voc\u00ea est\u00e1 aqui para completar s\u00e3o suas maiores d\u00e1divas para a humanidade. Voc\u00ea pode fazer todo tipo de coisas para se desenvolver: pode obter compet\u00eancias, forma\u00e7\u00e3o e ferramentas para ter \u00e0 sua disposi\u00e7\u00e3o, mas a ess\u00eancia do que voc\u00ea compartilha \u00e9 voc\u00ea \u2013 que \u00e9 a sua alma individual, \u00fanica, ligada \u00e0 sua personalidade terrena e \u00e0 integra\u00e7\u00e3o e transforma\u00e7\u00e3o que voc\u00ea realizou internamente. Esta \u00e9 a luz que voc\u00ea irradia, uma luz \u00fanica, que \u00e9 sua pr\u00f3pria luz.<\/p>\n\n\n\n<p>Ningu\u00e9m percorre o mesmo caminho que outrem. Sua luz \u00fanica, exclusiva, atrai certas pessoas e, ao mesmo tempo, voc\u00ea atrai possibilidades no seu pr\u00f3prio caminho, tanto na vida pessoal quanto no campo do empreendimento.<\/p>\n\n\n\n<p>Ent\u00e3o, mesmo quando voc\u00ea sair novamente da conex\u00e3o com a sua alma enquanto se manifesta no mundo, mantenha-se consciente da fonte criativa dentro de voc\u00ea \u2013 a alma em seu interior.<\/p>\n\n\n\n<p>Inclusive, quando se tratar de Trabalho de Luz, a inten\u00e7\u00e3o \u00e9 que voc\u00ea siga seu caminho individual, \u00fanico, e n\u00e3o se adapte muito aos padr\u00f5es e ideias existentes. Voc\u00ea precisa estar atento \u00e0quilo que lhe serve, \u00e0 forma como voc\u00ea serve, e n\u00e3o tanto \u00e0quilo que voc\u00ea serve.<\/p>\n\n\n\n<p>continua<\/p>\n","protected":false},"excerpt":{"rendered":"<p>Mensagem de Jeshua Canalizada por Pamela Kribbe SEU CAMINHO INDIVIDUAL continua\u00e7\u00e3o Permita que essa \u00e1rea se conscientize de si mesma. E se quiser, deixe que lhe venha \u00e0 mente uma imagem que represente essa energia bloqueada, que lhe ofere\u00e7a um entendimento sobre esse bloqueio. Sinta o que existe a\u00ed e olhe para isso amorosamente. Voc\u00ea [&hellip;]<\/p>\n","protected":false},"author":1,"featured_media":0,"comment_status":"open","ping_status":"open","sticky":false,"template":"","format":"standard","meta":{"_mi_skip_tracking":false},"categories":[3],"tags":[],"_links":{"self":[{"href":"https:\/\/www.miguelfaccio.com.br\/blog\/index.php\/wp-json\/wp\/v2\/posts\/19232"}],"collection":[{"href":"https:\/\/www.miguelfaccio.com.br\/blog\/index.php\/wp-json\/wp\/v2\/posts"}],"about":[{"href":"https:\/\/www.miguelfaccio.com.br\/blog\/index.php\/wp-json\/wp\/v2\/types\/post"}],"author":[{"embeddable":true,"href":"https:\/\/www.miguelfaccio.com.br\/blog\/index.php\/wp-json\/wp\/v2\/users\/1"}],"replies":[{"embeddable":true,"href":"https:\/\/www.miguelfaccio.com.br\/blog\/index.php\/wp-json\/wp\/v2\/comments?post=19232"}],"version-history":[{"count":1,"href":"https:\/\/www.miguelfaccio.com.br\/blog\/index.php\/wp-json\/wp\/v2\/posts\/19232\/revisions"}],"predecessor-version":[{"id":19233,"href":"https:\/\/www.miguelfaccio.com.br\/blog\/index.php\/wp-json\/wp\/v2\/posts\/19232\/revisions\/19233"}],"wp:attachment":[{"href":"https:\/\/www.miguelfaccio.com.br\/blog\/index.php\/wp-json\/wp\/v2\/media?parent=19232"}],"wp:term":[{"taxonomy":"category","embeddable":true,"href":"https:\/\/www.miguelfaccio.com.br\/blog\/index.php\/wp-json\/wp\/v2\/categories?post=19232"},{"taxonomy":"post_tag","embeddable":true,"href":"https:\/\/www.miguelfaccio.com.br\/blog\/index.php\/wp-json\/wp\/v2\/tags?post=19232"}],"curies":[{"name":"wp","href":"https:\/\/api.w.org\/{rel}","templated":true}]}}