{"id":19230,"date":"2025-04-20T08:37:41","date_gmt":"2025-04-20T11:37:41","guid":{"rendered":"https:\/\/www.miguelfaccio.com.br\/blog\/?p=19230"},"modified":"2025-04-20T08:37:43","modified_gmt":"2025-04-20T11:37:43","slug":"plv4075-livro-27-diario-10-11-2022","status":"publish","type":"post","link":"https:\/\/www.miguelfaccio.com.br\/blog\/index.php\/plv4075-livro-27-diario-10-11-2022\/","title":{"rendered":"PLV4075 \u2013 Livro 27 \u2013 Di\u00e1rio, 10\/11\/2022"},"content":{"rendered":"\n<p class=\"has-text-align-right\"><strong>10\/11\/2022<\/strong><\/p>\n\n\n\n<p>Boa parte do povo brasileiro acordou. Acordou para a possibilidade de o Brasil tornar-se mais um pa\u00eds comunista, como outros tantos j\u00e1 passaram pelo desgosto de ter aceito um governo de pessoas j\u00e1 mentalmente direcionadas para o comunismo. N\u00e3o foram capazes de ver, de pressentir a tend\u00eancia dos candidatos \u00e0 sua presid\u00eancia, e hoje sofrem toda esp\u00e9cie de vilania, como a pior de todas, que \u00e9 a extrema pobreza e, tendo que matar at\u00e9 os animais dom\u00e9sticos para poderem saciar a fome. Torna-se um pa\u00eds que n\u00e3o produz, e a produ\u00e7\u00e3o, seja qual o ramo que for, sempre abastece uma mesa. Suas popula\u00e7\u00f5es precisam ent\u00e3o fugir, da forma que for e pedir asilo em pa\u00edses vizinhos. Deixam seus entes queridos, quando n\u00e3o podem levar, e saem em busca de oportunidades para poderem adquirir alimento e assim salvar a pr\u00f3pria vida. Ainda bem que tantos brasileiros abriram os olhos para essa desgra\u00e7a que estava e ainda est\u00e1 se aproximando de nosso amado Brasil. Precisamos estar atentos, pois as garras das sombras j\u00e1 aprisionaram enorme quantidade do povo e os mant\u00e9m escravos, tapando suas mentes para que n\u00e3o escapem de seus dom\u00ednios e lhe sejam eternamente obedientes, n\u00e3o tendo condi\u00e7\u00f5es de, com par\u00e2metros v\u00e1lidos, deduzir que est\u00e1 na contram\u00e3o do desenvolvimento, da evolu\u00e7\u00e3o como individualidade e como na\u00e7\u00e3o.<\/p>\n","protected":false},"excerpt":{"rendered":"<p>10\/11\/2022 Boa parte do povo brasileiro acordou. Acordou para a possibilidade de o Brasil tornar-se mais um pa\u00eds comunista, como outros tantos j\u00e1 passaram pelo desgosto de ter aceito um governo de pessoas j\u00e1 mentalmente direcionadas para o comunismo. N\u00e3o foram capazes de ver, de pressentir a tend\u00eancia dos candidatos \u00e0 sua presid\u00eancia, e hoje [&hellip;]<\/p>\n","protected":false},"author":1,"featured_media":0,"comment_status":"open","ping_status":"open","sticky":false,"template":"","format":"standard","meta":{"_mi_skip_tracking":false},"categories":[33],"tags":[],"_links":{"self":[{"href":"https:\/\/www.miguelfaccio.com.br\/blog\/index.php\/wp-json\/wp\/v2\/posts\/19230"}],"collection":[{"href":"https:\/\/www.miguelfaccio.com.br\/blog\/index.php\/wp-json\/wp\/v2\/posts"}],"about":[{"href":"https:\/\/www.miguelfaccio.com.br\/blog\/index.php\/wp-json\/wp\/v2\/types\/post"}],"author":[{"embeddable":true,"href":"https:\/\/www.miguelfaccio.com.br\/blog\/index.php\/wp-json\/wp\/v2\/users\/1"}],"replies":[{"embeddable":true,"href":"https:\/\/www.miguelfaccio.com.br\/blog\/index.php\/wp-json\/wp\/v2\/comments?post=19230"}],"version-history":[{"count":1,"href":"https:\/\/www.miguelfaccio.com.br\/blog\/index.php\/wp-json\/wp\/v2\/posts\/19230\/revisions"}],"predecessor-version":[{"id":19231,"href":"https:\/\/www.miguelfaccio.com.br\/blog\/index.php\/wp-json\/wp\/v2\/posts\/19230\/revisions\/19231"}],"wp:attachment":[{"href":"https:\/\/www.miguelfaccio.com.br\/blog\/index.php\/wp-json\/wp\/v2\/media?parent=19230"}],"wp:term":[{"taxonomy":"category","embeddable":true,"href":"https:\/\/www.miguelfaccio.com.br\/blog\/index.php\/wp-json\/wp\/v2\/categories?post=19230"},{"taxonomy":"post_tag","embeddable":true,"href":"https:\/\/www.miguelfaccio.com.br\/blog\/index.php\/wp-json\/wp\/v2\/tags?post=19230"}],"curies":[{"name":"wp","href":"https:\/\/api.w.org\/{rel}","templated":true}]}}