{"id":19226,"date":"2025-04-19T09:29:21","date_gmt":"2025-04-19T12:29:21","guid":{"rendered":"https:\/\/www.miguelfaccio.com.br\/blog\/?p=19226"},"modified":"2025-04-19T09:29:23","modified_gmt":"2025-04-19T12:29:23","slug":"plv4074-livro-27-diario-09-11-2022","status":"publish","type":"post","link":"https:\/\/www.miguelfaccio.com.br\/blog\/index.php\/plv4074-livro-27-diario-09-11-2022\/","title":{"rendered":"PLV4074 \u2013 Livro 27 \u2013 Di\u00e1rio, 09\/11\/2022"},"content":{"rendered":"\n<p class=\"has-text-align-right\"><strong>09\/11\/2022<\/strong><\/p>\n\n\n\n<p>Todos precisam resgatar as contraven\u00e7\u00f5es feitas contra a grande lei, para poderem se desligar dessas energias t\u00e3o pesadas que as sombras estabeleceram sobre o planeta. O resgate \u00e9 feito na mesma propor\u00e7\u00e3o de sua causa. Se individualmente inflacionou a lei Divina, individualmente ter\u00e1 que resgatar, mas, se a infra\u00e7\u00e3o foi coletiva, coletivamente ter\u00e1 que quitar. O planeta, como tal, tem passado por quase dois s\u00e9culos espalhando \u00f3dio entre ra\u00e7as, entre pa\u00edses e de uma forma quase global, reduziu-se em guerras, quer tribais, quer por na\u00e7\u00f5es, quer por ra\u00e7as e at\u00e9 por religi\u00f5es, que deveriam ser a express\u00e3o humana da adora\u00e7\u00e3o ao \u00fanico Deus, com os nomes que se queiram dar. Pelo contr\u00e1rio, transformou-se em motivo de conflitos, pois quem n\u00e3o participava de sua filosofia religiosa era considerado infiel e, com isso, deveria ser morto. Hoje, quando o planeta est\u00e1 entrando na quinta dimens\u00e3o, precisa varrer essas energias que o fizeram transformar-se em uma zona de guerra, onde o mais forte sempre ditava as regras. Um planeta t\u00e3o lindo, visto do alto, um planeta azul, todo manchado de sangue, a ess\u00eancia que leva a vida para as c\u00e9lulas do corpo e retira de l\u00e1 os res\u00edduos expelidos pelas c\u00e9lulas. Estamos pagando a consequ\u00eancia de tantos atos insanos, praticados em todos os tempos. N\u00e3o podemos nos entregar, isso tamb\u00e9m passa. Por isso, cada indiv\u00edduo deve espargir para a humanidade aquilo que reside bem no fundo de cada cora\u00e7\u00e3o e que \u00e9 a s\u00edntese de Deus, o amor, o amor incondicional, o amor ensinado por Jesus, que manda perdoar at\u00e9 os aos inimigos.<\/p>\n","protected":false},"excerpt":{"rendered":"<p>09\/11\/2022 Todos precisam resgatar as contraven\u00e7\u00f5es feitas contra a grande lei, para poderem se desligar dessas energias t\u00e3o pesadas que as sombras estabeleceram sobre o planeta. O resgate \u00e9 feito na mesma propor\u00e7\u00e3o de sua causa. Se individualmente inflacionou a lei Divina, individualmente ter\u00e1 que resgatar, mas, se a infra\u00e7\u00e3o foi coletiva, coletivamente ter\u00e1 que [&hellip;]<\/p>\n","protected":false},"author":1,"featured_media":0,"comment_status":"open","ping_status":"open","sticky":false,"template":"","format":"standard","meta":{"_mi_skip_tracking":false},"categories":[33],"tags":[],"_links":{"self":[{"href":"https:\/\/www.miguelfaccio.com.br\/blog\/index.php\/wp-json\/wp\/v2\/posts\/19226"}],"collection":[{"href":"https:\/\/www.miguelfaccio.com.br\/blog\/index.php\/wp-json\/wp\/v2\/posts"}],"about":[{"href":"https:\/\/www.miguelfaccio.com.br\/blog\/index.php\/wp-json\/wp\/v2\/types\/post"}],"author":[{"embeddable":true,"href":"https:\/\/www.miguelfaccio.com.br\/blog\/index.php\/wp-json\/wp\/v2\/users\/1"}],"replies":[{"embeddable":true,"href":"https:\/\/www.miguelfaccio.com.br\/blog\/index.php\/wp-json\/wp\/v2\/comments?post=19226"}],"version-history":[{"count":1,"href":"https:\/\/www.miguelfaccio.com.br\/blog\/index.php\/wp-json\/wp\/v2\/posts\/19226\/revisions"}],"predecessor-version":[{"id":19227,"href":"https:\/\/www.miguelfaccio.com.br\/blog\/index.php\/wp-json\/wp\/v2\/posts\/19226\/revisions\/19227"}],"wp:attachment":[{"href":"https:\/\/www.miguelfaccio.com.br\/blog\/index.php\/wp-json\/wp\/v2\/media?parent=19226"}],"wp:term":[{"taxonomy":"category","embeddable":true,"href":"https:\/\/www.miguelfaccio.com.br\/blog\/index.php\/wp-json\/wp\/v2\/categories?post=19226"},{"taxonomy":"post_tag","embeddable":true,"href":"https:\/\/www.miguelfaccio.com.br\/blog\/index.php\/wp-json\/wp\/v2\/tags?post=19226"}],"curies":[{"name":"wp","href":"https:\/\/api.w.org\/{rel}","templated":true}]}}