{"id":19224,"date":"2025-04-18T09:45:27","date_gmt":"2025-04-18T12:45:27","guid":{"rendered":"https:\/\/www.miguelfaccio.com.br\/blog\/?p=19224"},"modified":"2025-04-18T09:45:28","modified_gmt":"2025-04-18T12:45:28","slug":"rcd4022-raios-ou-chamas","status":"publish","type":"post","link":"https:\/\/www.miguelfaccio.com.br\/blog\/index.php\/rcd4022-raios-ou-chamas\/","title":{"rendered":"RCD4022 Raios ou Chamas"},"content":{"rendered":"\n<p class=\"has-text-align-right\"><strong>Mensagem de Jeshua <br>Canalizada por Pamela Kribbe<\/strong><\/p>\n\n\n\n<p>SEU CAMINHO INDIVIDUAL<\/p>\n\n\n\n<p>Queridos amigos, Eu Sou Jeshua.<\/p>\n\n\n\n<p>Fui o representante da Energia Cr\u00edstica na Terra, num tempo em que essa energia n\u00e3o era bem-vinda ou compreendida. Mas era necess\u00e1rio lan\u00e7ar as sementes dessa energia, de modo a oferecer um impulso para a consci\u00eancia.<\/p>\n\n\n\n<p>Naquela \u00e9poca, a consci\u00eancia coletiva estava presa e estagnada. Quando a energia, ou consci\u00eancia, estagna ela aumenta a dor e o sofrimento dos seres humanos e assim torna-se cada vez mais dif\u00edcil as pessoas se conectarem com sua pr\u00f3pria alma e absorver quaisquer centelhas da luz dela.<\/p>\n\n\n\n<p>Quanto mais esse medo e ignor\u00e2ncia prevalecem, mais a pessoa permanece privada de uma conex\u00e3o com sua alma \u2013 a fonte viva de toda a sua criatividade.<\/p>\n\n\n\n<p>Tudo que voc\u00ea escolhe e cria a partir da liberdade \u2013 n\u00e3o determinada pelas suas circunst\u00e2ncias, sua idade, ou suas outras vidas \u2013 vem da alma como fonte dessa cria\u00e7\u00e3o.<\/p>\n\n\n\n<p>A maior amea\u00e7a \u00e0 consci\u00eancia coletiva da Terra e \u00e0 humanidade \u00e9 que os indiv\u00edduos percam a conex\u00e3o com suas respectivas almas \u2013 a fonte criativa interior.<\/p>\n\n\n\n<p>Quando isso acontece, o ser humano perde seu centro, torna-se fragmentado e, como resultado, passa a ser um joguete das influ\u00eancias externas \u2013 dos medos, especialmente \u2013 e, ent\u00e3o, tende a aderir rigidamente \u00e0 ordem existente.<\/p>\n\n\n\n<p>Uma pessoa que carece de conex\u00e3o com a alma busca certeza na ordem existente, nos c\u00edrculos sociais dos quais faz parte, e dos quais deseja orienta\u00e7\u00e3o. Ao atender \u00e0s expectativas externas, ela busca aceita\u00e7\u00e3o e certeza. Entretanto, este n\u00e3o \u00e9 o caminho certo, porque, neste momento, a consci\u00eancia coletiva da Terra exige renova\u00e7\u00e3o, mudan\u00e7a e a descoberta de novos caminhos.<\/p>\n\n\n\n<p>Voc\u00eas est\u00e3o fazendo, essencialmente, o que eu fiz no meu tempo, embora agora haja mais abertura no campo coletivo ao redor da Terra.<\/p>\n\n\n\n<p>H\u00e1 um impulso maior que pode tornar-se uma consci\u00eancia nascida do cora\u00e7\u00e3o, na qual a unidade entre tudo o que \u00e9 vivo \u00e9 novamente sentida \u2013 n\u00e3o s\u00f3 entre os seres humanos, mas tamb\u00e9m entre os seres humanos e a natureza. Todos voc\u00eas est\u00e3o sendo tocados pelo desejo sincero de contribuir com esta mudan\u00e7a de consci\u00eancia que vem da sua alma.<\/p>\n\n\n\n<p>Quando voc\u00ea sente esse chamado na sua alma, isto \u00e9 sinal de que seu cora\u00e7\u00e3o est\u00e1 despertando e voc\u00ea est\u00e1 se conectando a camadas mais profundas do seu ser. \u00c9 preciso coragem para seguir sua alma e libertar-se das expectativas dos pais, da fam\u00edlia, dos amigos e das condi\u00e7\u00f5es do seu trabalho.<\/p>\n\n\n\n<p>O caminho interior, de restaura\u00e7\u00e3o da conex\u00e3o com sua pr\u00f3pria alma, exige coragem e a capacidade de suportar conscientemente sua pr\u00f3pria dor, al\u00e9m de enfrentar sinceramente seus pr\u00f3prios medos, que sem d\u00favida surgem quando voc\u00ea se volta para dentro de si.<\/p>\n\n\n\n<p>Quando voc\u00ea desperta, quando ouve o chamado da sua alma, muitas vezes parece que a vida fica mais dif\u00edcil, mais pesada. Isto porque voc\u00ea se torna mais consciente dos seus medos, da sua vontade compulsiva de se adaptar, do seu desejo de ser reconhecido e de n\u00e3o ser rejeitado.<\/p>\n\n\n\n<p>Voc\u00ea ser\u00e1 confrontado com estes medos quando come\u00e7ar a seguir os sussurros da sua alma. Quando seguir seu caminho individual, \u00fanico, voc\u00ea ser\u00e1 desafiado em todos os tipos de \u00e1reas \u2013 no relacionamento com sua fam\u00edlia, com seus entes queridos, no seu trabalho\u2026 em tudo.<\/p>\n\n\n\n<p>continua<\/p>\n","protected":false},"excerpt":{"rendered":"<p>Mensagem de Jeshua Canalizada por Pamela Kribbe SEU CAMINHO INDIVIDUAL Queridos amigos, Eu Sou Jeshua. Fui o representante da Energia Cr\u00edstica na Terra, num tempo em que essa energia n\u00e3o era bem-vinda ou compreendida. Mas era necess\u00e1rio lan\u00e7ar as sementes dessa energia, de modo a oferecer um impulso para a consci\u00eancia. Naquela \u00e9poca, a consci\u00eancia [&hellip;]<\/p>\n","protected":false},"author":1,"featured_media":0,"comment_status":"open","ping_status":"open","sticky":false,"template":"","format":"standard","meta":{"_mi_skip_tracking":false},"categories":[3],"tags":[],"_links":{"self":[{"href":"https:\/\/www.miguelfaccio.com.br\/blog\/index.php\/wp-json\/wp\/v2\/posts\/19224"}],"collection":[{"href":"https:\/\/www.miguelfaccio.com.br\/blog\/index.php\/wp-json\/wp\/v2\/posts"}],"about":[{"href":"https:\/\/www.miguelfaccio.com.br\/blog\/index.php\/wp-json\/wp\/v2\/types\/post"}],"author":[{"embeddable":true,"href":"https:\/\/www.miguelfaccio.com.br\/blog\/index.php\/wp-json\/wp\/v2\/users\/1"}],"replies":[{"embeddable":true,"href":"https:\/\/www.miguelfaccio.com.br\/blog\/index.php\/wp-json\/wp\/v2\/comments?post=19224"}],"version-history":[{"count":1,"href":"https:\/\/www.miguelfaccio.com.br\/blog\/index.php\/wp-json\/wp\/v2\/posts\/19224\/revisions"}],"predecessor-version":[{"id":19225,"href":"https:\/\/www.miguelfaccio.com.br\/blog\/index.php\/wp-json\/wp\/v2\/posts\/19224\/revisions\/19225"}],"wp:attachment":[{"href":"https:\/\/www.miguelfaccio.com.br\/blog\/index.php\/wp-json\/wp\/v2\/media?parent=19224"}],"wp:term":[{"taxonomy":"category","embeddable":true,"href":"https:\/\/www.miguelfaccio.com.br\/blog\/index.php\/wp-json\/wp\/v2\/categories?post=19224"},{"taxonomy":"post_tag","embeddable":true,"href":"https:\/\/www.miguelfaccio.com.br\/blog\/index.php\/wp-json\/wp\/v2\/tags?post=19224"}],"curies":[{"name":"wp","href":"https:\/\/api.w.org\/{rel}","templated":true}]}}