{"id":19220,"date":"2025-04-17T10:44:49","date_gmt":"2025-04-17T13:44:49","guid":{"rendered":"https:\/\/www.miguelfaccio.com.br\/blog\/?p=19220"},"modified":"2025-04-17T10:44:51","modified_gmt":"2025-04-17T13:44:51","slug":"rcd4021-raios-ou-chamas","status":"publish","type":"post","link":"https:\/\/www.miguelfaccio.com.br\/blog\/index.php\/rcd4021-raios-ou-chamas\/","title":{"rendered":"RCD4021 Raios ou Chamas"},"content":{"rendered":"\n<p class=\"has-text-align-right\"><strong>Canaliza\u00e7\u00e3o do Arcanjo Miguel <br>Por Celia Fenn<\/strong><\/p>\n\n\n\n<p>O FESTIVAL DAS FLORES<\/p>\n\n\n\n<p>10 de abril de 2025<\/p>\n\n\n\n<p>Meus amados, neste abril de 2025, temos certeza de que voc\u00eas est\u00e3o sentindo a presen\u00e7a dos Anjos \u00e0 medida que retornamos \u00e0 Terra em maior n\u00famero.<\/p>\n\n\n\n<p>Ap\u00f3s as intensas mudan\u00e7as do Equin\u00f3cio, da Lua Nova, do Eclipse Solar e das Explos\u00f5es Solares, \u00e9 hora de permitir que as energias calmantes dos Anjos e das Flores restaurem seu corpo e alma!<\/p>\n\n\n\n<p>Voc\u00eas est\u00e3o dando boas-vindas a um novo ciclo de vida com a energia de \u00c1ries e com a Primavera (Outono). Na Lem\u00faria, esse per\u00edodo era chamado de \u00c9poca do Festival das Flores e, portanto, na Nova Lem\u00faria (a Nova Terra), \u00e9 uma alegria celebrar com voc\u00eas o Festival das Flores e o Portal 5\/5 no dia 5 de maio.<\/p>\n\n\n\n<p>O FESTIVAL DAS FLORES<\/p>\n\n\n\n<p>As Flores s\u00e3o Mestres Curadores e desempenham um papel importante na Ascens\u00e3o e Transforma\u00e7\u00e3o da Terra.<\/p>\n\n\n\n<p>As flores carregam as energias reprodutivas das plantas e, portanto, a ess\u00eancia vital concentrada dessas plantas. Essas energias essenciais tamb\u00e9m carregam os poderes de rejuvenescimento e regenera\u00e7\u00e3o.<\/p>\n\n\n\n<p>Neste m\u00eas de abril, voc\u00ea pode se juntar a n\u00f3s para celebrar as energias crescentes de Renova\u00e7\u00e3o e Renascimento da Terra por meio das energias do Festival das Flores. Voc\u00ea pode se cercar dessas energias em pr\u00e1ticas e rituais de cura, bem como em ocasi\u00f5es sociais e comunit\u00e1rias.<\/p>\n\n\n\n<p>Quando voc\u00ea est\u00e1 em conex\u00e3o pr\u00f3xima e profunda com as flores, elas aliviam o estresse e apaziguam o sistema nervoso. Elas trazem a energia da Alegria e do Amor, e \u00e9 por isso que s\u00e3o usadas em tantas celebra\u00e7\u00f5es sociais importantes.<\/p>\n\n\n\n<p>OS ANJOS FLORAIS DOS ELOHIM<\/p>\n\n\n\n<p>Na antiga Lem\u00faria, havia um grupo especial de Anjos Elohim encarregados do design e da cria\u00e7\u00e3o das flores. Eles eram conhecidos como Anjos das Flores.<\/p>\n\n\n\n<p>Tamb\u00e9m era sua tarefa nutrir as flores e ser os Guardi\u00f5es dos Jardins Estelares de Aldebaran e tamb\u00e9m dos Jardins Florais Terrestres. Eles trabalharam com os Drag\u00f5es Esmeralda para preparar novas formas de vida vegetal e floral para a Terra.<\/p>\n\n\n\n<p>Hoje, os Anjos das Flores retornam \u00e0s suas tarefas nos Jardins de Flores da Nova Terra. Eles est\u00e3o prontos para expressar a poderosa conex\u00e3o entre a energia do Feminino Divino e as Plantas e Flores.<\/p>\n\n\n\n<p>O JARDIM DE FLORES DE MARIA MADALENA<\/p>\n\n\n\n<p>Em seu tempo como Avatar da Consci\u00eancia Cr\u00edstica Feminina na Terra, Maria Madalena criou Jardins de Flores no sul da Fran\u00e7a e em outros lugares da Europa.<\/p>\n\n\n\n<p>Trabalhando principalmente na Proven\u00e7a e na regi\u00e3o de Languedoc, na Fran\u00e7a, ela criou jardins que eram centros comunit\u00e1rios de Amor e Paz.<\/p>\n\n\n\n<p>As flores cultivadas nesses jardins eram usadas para cura por meio de \u00f3leos, ess\u00eancias e energias florais, mas tamb\u00e9m para celebra\u00e7\u00f5es comunit\u00e1rias de Amor e Alegria, como o Festival das Flores.<\/p>\n\n\n\n<p>Amados, neste m\u00eas de abril e maio de 2025, juntem-se a n\u00f3s para o Festival das Flores e o Portal 5\/5 para a Consci\u00eancia Superior.<\/p>\n\n\n\n<p>Talvez na Nova Terra voc\u00eas tamb\u00e9m sejam chamados a trabalhar com as Flores!<\/p>\n\n\n\n<p>Que as Flores os elevem com sua fragr\u00e2ncia de Amor.<\/p>\n\n\n\n<p>Que os Anjos das Flores o convidem para os Jardins do Amor.<\/p>\n\n\n\n<p>Que a Alegria e a Paz do Jardim de Flores de Maria Madalena fa\u00e7am parte da sua vida em abril e maio \u2013 e sempre!<\/p>\n\n\n\n<p>~ Arcanjo Miguel<\/p>\n\n\n\n<p>Formata\u00e7\u00e3o e tradu\u00e7\u00e3o \u2013 DE CORA\u00c7\u00c3O A CORA\u00c7\u00c3O<\/p>\n\n\n\n<figure class=\"wp-block-embed\"><div class=\"wp-block-embed__wrapper\">\nhttp:\/\/www.decoracaoacoracao.blog.br\/\n<\/div><\/figure>\n\n\n\n<figure class=\"wp-block-embed\"><div class=\"wp-block-embed__wrapper\">\nhttp:\/\/stelalecocq.blogspot.com\n<\/div><\/figure>\n\n\n\n<figure class=\"wp-block-embed\"><div class=\"wp-block-embed__wrapper\">\nhttps:\/\/lecocq.wordpress.com\n<\/div><\/figure>\n\n\n\n<p>Instagram \u2013 @blogdecoracaoacoracao<\/p>\n\n\n\n<p>Informa\u00e7\u00f5es e Agendamentos para Mesa Qu\u00e2ntica Estelar, Mesa Pet, Mesa Qu\u00e2ntica 2.0, Florais de Bach, Sistema Regenerador Ashtariano, Sistema Arcturiano de Cura Multidimensional \u2013 lecocqmuller@gmail.com<\/p>\n\n\n\n<p>E-book \u201cMensagens dos Mestres \u2013 De Cora\u00e7\u00e3o a Cora\u00e7\u00e3o\u201d \u2013 https:\/\/mensagensdosmestres.blogspot.com\/<\/p>\n\n\n\n<figure class=\"wp-block-embed is-type-wp-embed is-provider-celia-fenn wp-block-embed-celia-fenn\"><div class=\"wp-block-embed__wrapper\">\n<blockquote class=\"wp-embedded-content\" data-secret=\"fgI3yCU3f3\"><a href=\"https:\/\/celiafenn.com\/\">Home<\/a><\/blockquote><iframe class=\"wp-embedded-content\" sandbox=\"allow-scripts\" security=\"restricted\" style=\"position: absolute; clip: rect(1px, 1px, 1px, 1px);\" title=\"&#8220;Home&#8221; &#8212; Celia Fenn\" src=\"https:\/\/celiafenn.com\/embed\/#?secret=zojztIEZ5I#?secret=fgI3yCU3f3\" data-secret=\"fgI3yCU3f3\" width=\"600\" height=\"338\" frameborder=\"0\" marginwidth=\"0\" marginheight=\"0\" scrolling=\"no\"><\/iframe>\n<\/div><\/figure>\n\n\n\n<p>Respeite todos os cr\u00e9ditos ao compartilhar<\/p>\n\n\n\n<p>LUZ!<\/p>\n\n\n\n<p>STELA<\/p>\n","protected":false},"excerpt":{"rendered":"<p>Canaliza\u00e7\u00e3o do Arcanjo Miguel Por Celia Fenn O FESTIVAL DAS FLORES 10 de abril de 2025 Meus amados, neste abril de 2025, temos certeza de que voc\u00eas est\u00e3o sentindo a presen\u00e7a dos Anjos \u00e0 medida que retornamos \u00e0 Terra em maior n\u00famero. Ap\u00f3s as intensas mudan\u00e7as do Equin\u00f3cio, da Lua Nova, do Eclipse Solar e [&hellip;]<\/p>\n","protected":false},"author":1,"featured_media":0,"comment_status":"open","ping_status":"open","sticky":false,"template":"","format":"standard","meta":{"_mi_skip_tracking":false},"categories":[3],"tags":[],"_links":{"self":[{"href":"https:\/\/www.miguelfaccio.com.br\/blog\/index.php\/wp-json\/wp\/v2\/posts\/19220"}],"collection":[{"href":"https:\/\/www.miguelfaccio.com.br\/blog\/index.php\/wp-json\/wp\/v2\/posts"}],"about":[{"href":"https:\/\/www.miguelfaccio.com.br\/blog\/index.php\/wp-json\/wp\/v2\/types\/post"}],"author":[{"embeddable":true,"href":"https:\/\/www.miguelfaccio.com.br\/blog\/index.php\/wp-json\/wp\/v2\/users\/1"}],"replies":[{"embeddable":true,"href":"https:\/\/www.miguelfaccio.com.br\/blog\/index.php\/wp-json\/wp\/v2\/comments?post=19220"}],"version-history":[{"count":1,"href":"https:\/\/www.miguelfaccio.com.br\/blog\/index.php\/wp-json\/wp\/v2\/posts\/19220\/revisions"}],"predecessor-version":[{"id":19221,"href":"https:\/\/www.miguelfaccio.com.br\/blog\/index.php\/wp-json\/wp\/v2\/posts\/19220\/revisions\/19221"}],"wp:attachment":[{"href":"https:\/\/www.miguelfaccio.com.br\/blog\/index.php\/wp-json\/wp\/v2\/media?parent=19220"}],"wp:term":[{"taxonomy":"category","embeddable":true,"href":"https:\/\/www.miguelfaccio.com.br\/blog\/index.php\/wp-json\/wp\/v2\/categories?post=19220"},{"taxonomy":"post_tag","embeddable":true,"href":"https:\/\/www.miguelfaccio.com.br\/blog\/index.php\/wp-json\/wp\/v2\/tags?post=19220"}],"curies":[{"name":"wp","href":"https:\/\/api.w.org\/{rel}","templated":true}]}}