{"id":19218,"date":"2025-04-17T10:42:31","date_gmt":"2025-04-17T13:42:31","guid":{"rendered":"https:\/\/www.miguelfaccio.com.br\/blog\/?p=19218"},"modified":"2025-04-17T10:42:32","modified_gmt":"2025-04-17T13:42:32","slug":"plv4072-livro-27-diario-07-11-2022","status":"publish","type":"post","link":"https:\/\/www.miguelfaccio.com.br\/blog\/index.php\/plv4072-livro-27-diario-07-11-2022\/","title":{"rendered":"PLV4072 \u2013 Livro 27 \u2013 Di\u00e1rio, 07\/11\/2022"},"content":{"rendered":"\n<p class=\"has-text-align-right\"><strong>07\/11\/2022<\/strong><\/p>\n\n\n\n<p>Agora \u00e9 o tempo da mudan\u00e7a. Agora \u00e9 o tempo de dar a quem sustenta este corpo, aquilo que precisa para desenvolver-se espiritualmente e alcan\u00e7ar a evolu\u00e7\u00e3o necess\u00e1ria para poder ascensionar. Esse \u00e9 o objetivo de todo o esp\u00edrito que desce \u00e0 mat\u00e9ria para encarnar em um corpo f\u00edsico. N\u00e3o podemos esquecer que o agora \u00e9 o tempo de Deus. O agora \u00e9 o tempo onde tudo pode se realizar. Aquilo que n\u00e3o \u00e9 feito no agora nunca ser\u00e1 feito. Por isso, necessitamos conscientizar nossa mente para que sempre execute aquilo que precisa fazer. A maioria da humanidade atual sempre se calca no fazer amanh\u00e3, e o amanh\u00e3 nunca chega, porque, quando chega, \u00e9 o agora. O amanh\u00e3 \u00e9 apenas um dep\u00f3sito onde se acumulam as cria\u00e7\u00f5es que precisam ser exorcizadas, que v\u00e3o aparecendo no agora para que se execute seu ressarcimento. O amanh\u00e3 \u00e9 o tempo em que nunca teremos condi\u00e7\u00f5es de manipular, porque ali s\u00f3 v\u00e3o as consequ\u00eancias de nossos atos, nossas palavras e nossos pensamentos. \u00c9 no futuro que est\u00e1 tanto a coroa de louros como as pedras para nosso caminho. O passado simplesmente atira para o futuro as consequ\u00eancias do agora que foi praticado.<\/p>\n","protected":false},"excerpt":{"rendered":"<p>07\/11\/2022 Agora \u00e9 o tempo da mudan\u00e7a. Agora \u00e9 o tempo de dar a quem sustenta este corpo, aquilo que precisa para desenvolver-se espiritualmente e alcan\u00e7ar a evolu\u00e7\u00e3o necess\u00e1ria para poder ascensionar. Esse \u00e9 o objetivo de todo o esp\u00edrito que desce \u00e0 mat\u00e9ria para encarnar em um corpo f\u00edsico. N\u00e3o podemos esquecer que o [&hellip;]<\/p>\n","protected":false},"author":1,"featured_media":0,"comment_status":"open","ping_status":"open","sticky":false,"template":"","format":"standard","meta":{"_mi_skip_tracking":false},"categories":[33],"tags":[],"_links":{"self":[{"href":"https:\/\/www.miguelfaccio.com.br\/blog\/index.php\/wp-json\/wp\/v2\/posts\/19218"}],"collection":[{"href":"https:\/\/www.miguelfaccio.com.br\/blog\/index.php\/wp-json\/wp\/v2\/posts"}],"about":[{"href":"https:\/\/www.miguelfaccio.com.br\/blog\/index.php\/wp-json\/wp\/v2\/types\/post"}],"author":[{"embeddable":true,"href":"https:\/\/www.miguelfaccio.com.br\/blog\/index.php\/wp-json\/wp\/v2\/users\/1"}],"replies":[{"embeddable":true,"href":"https:\/\/www.miguelfaccio.com.br\/blog\/index.php\/wp-json\/wp\/v2\/comments?post=19218"}],"version-history":[{"count":1,"href":"https:\/\/www.miguelfaccio.com.br\/blog\/index.php\/wp-json\/wp\/v2\/posts\/19218\/revisions"}],"predecessor-version":[{"id":19219,"href":"https:\/\/www.miguelfaccio.com.br\/blog\/index.php\/wp-json\/wp\/v2\/posts\/19218\/revisions\/19219"}],"wp:attachment":[{"href":"https:\/\/www.miguelfaccio.com.br\/blog\/index.php\/wp-json\/wp\/v2\/media?parent=19218"}],"wp:term":[{"taxonomy":"category","embeddable":true,"href":"https:\/\/www.miguelfaccio.com.br\/blog\/index.php\/wp-json\/wp\/v2\/categories?post=19218"},{"taxonomy":"post_tag","embeddable":true,"href":"https:\/\/www.miguelfaccio.com.br\/blog\/index.php\/wp-json\/wp\/v2\/tags?post=19218"}],"curies":[{"name":"wp","href":"https:\/\/api.w.org\/{rel}","templated":true}]}}