{"id":19214,"date":"2025-04-16T09:10:47","date_gmt":"2025-04-16T12:10:47","guid":{"rendered":"https:\/\/www.miguelfaccio.com.br\/blog\/?p=19214"},"modified":"2025-04-16T09:10:48","modified_gmt":"2025-04-16T12:10:48","slug":"plv4071-livro-27-diario-06-11-2022","status":"publish","type":"post","link":"https:\/\/www.miguelfaccio.com.br\/blog\/index.php\/plv4071-livro-27-diario-06-11-2022\/","title":{"rendered":"PLV4071 \u2013 Livro 27 \u2013 Di\u00e1rio, 06\/11\/2022"},"content":{"rendered":"\n<p class=\"has-text-align-right\"><strong>06\/11\/2022<\/strong><\/p>\n\n\n\n<p>O mesmo tanto, quando estamos preocupados com nossa situa\u00e7\u00e3o econ\u00f4mica, dever\u00edamos estar, tamb\u00e9m, com nossa situa\u00e7\u00e3o evolutiva. A parte econ\u00f4mica, material, n\u00e3o depende tanto de n\u00f3s, depende mais de uma conjuntura que se estrutura a partir do governo, mas depende em parte de cada um fazer a sua parte. Seu \u00fanico papel \u00e9 estabelecer condi\u00e7\u00f5es de manuten\u00e7\u00e3o do corpo f\u00edsico, que n\u00e3o precisa de muita coisa que se lhe d\u00e1, que em sua maioria \u00e9 apenas para satisfazer o paladar e n\u00e3o exerce fun\u00e7\u00e3o alguma no preenchimento das necessidades que o corpo possui para manter-se forte e sadio. Na grande maioria da humanidade, n\u00e3o h\u00e1 preocupa\u00e7\u00e3o em atender \u00e0 outra parte do agregado humano, sua alma, seu esp\u00edrito. No entanto, esta \u00e9 a parte mais importante que forma nosso agregado humano. O corpo, como s\u00f3i acontecer, vai para o cemit\u00e9rio, isto \u00e9, vai decompor-se em suas unidades at\u00f4micas, ao p\u00f3 da terra, de que fala Jesus, a n\u00e3o ser que o esp\u00edrito alcance evolu\u00e7\u00e3o que lhe permita ascensionar. Ent\u00e3o, nessa situa\u00e7\u00e3o, leva o corpo junto; no mais das vezes, vira p\u00f3 mesmo. Quanto ao esp\u00edrito, este tem a vida eterna, buscando no corpo f\u00edsico apenas a condi\u00e7\u00e3o de experiencia\u00e7\u00e3o do conhecimento, que \u00e9 o combust\u00edvel que lhe permite evoluir para preencher as condi\u00e7\u00f5es que lhe garantem subir os degraus da escada evolutiva.<\/p>\n","protected":false},"excerpt":{"rendered":"<p>06\/11\/2022 O mesmo tanto, quando estamos preocupados com nossa situa\u00e7\u00e3o econ\u00f4mica, dever\u00edamos estar, tamb\u00e9m, com nossa situa\u00e7\u00e3o evolutiva. A parte econ\u00f4mica, material, n\u00e3o depende tanto de n\u00f3s, depende mais de uma conjuntura que se estrutura a partir do governo, mas depende em parte de cada um fazer a sua parte. Seu \u00fanico papel \u00e9 estabelecer [&hellip;]<\/p>\n","protected":false},"author":1,"featured_media":0,"comment_status":"open","ping_status":"open","sticky":false,"template":"","format":"standard","meta":{"_mi_skip_tracking":false},"categories":[33],"tags":[],"_links":{"self":[{"href":"https:\/\/www.miguelfaccio.com.br\/blog\/index.php\/wp-json\/wp\/v2\/posts\/19214"}],"collection":[{"href":"https:\/\/www.miguelfaccio.com.br\/blog\/index.php\/wp-json\/wp\/v2\/posts"}],"about":[{"href":"https:\/\/www.miguelfaccio.com.br\/blog\/index.php\/wp-json\/wp\/v2\/types\/post"}],"author":[{"embeddable":true,"href":"https:\/\/www.miguelfaccio.com.br\/blog\/index.php\/wp-json\/wp\/v2\/users\/1"}],"replies":[{"embeddable":true,"href":"https:\/\/www.miguelfaccio.com.br\/blog\/index.php\/wp-json\/wp\/v2\/comments?post=19214"}],"version-history":[{"count":1,"href":"https:\/\/www.miguelfaccio.com.br\/blog\/index.php\/wp-json\/wp\/v2\/posts\/19214\/revisions"}],"predecessor-version":[{"id":19215,"href":"https:\/\/www.miguelfaccio.com.br\/blog\/index.php\/wp-json\/wp\/v2\/posts\/19214\/revisions\/19215"}],"wp:attachment":[{"href":"https:\/\/www.miguelfaccio.com.br\/blog\/index.php\/wp-json\/wp\/v2\/media?parent=19214"}],"wp:term":[{"taxonomy":"category","embeddable":true,"href":"https:\/\/www.miguelfaccio.com.br\/blog\/index.php\/wp-json\/wp\/v2\/categories?post=19214"},{"taxonomy":"post_tag","embeddable":true,"href":"https:\/\/www.miguelfaccio.com.br\/blog\/index.php\/wp-json\/wp\/v2\/tags?post=19214"}],"curies":[{"name":"wp","href":"https:\/\/api.w.org\/{rel}","templated":true}]}}