{"id":19209,"date":"2025-04-15T09:34:22","date_gmt":"2025-04-15T12:34:22","guid":{"rendered":"https:\/\/www.miguelfaccio.com.br\/blog\/?p=19209"},"modified":"2025-04-15T09:34:24","modified_gmt":"2025-04-15T12:34:24","slug":"plv4070-livro-27-diario-05-11-2022","status":"publish","type":"post","link":"https:\/\/www.miguelfaccio.com.br\/blog\/index.php\/plv4070-livro-27-diario-05-11-2022\/","title":{"rendered":"PLV4070 \u2013 Livro 27 \u2013 Di\u00e1rio, 05\/11\/2022"},"content":{"rendered":"\n<p class=\"has-text-align-right\"><strong>05\/11\/2022<\/strong><\/p>\n\n\n\n<p>Tudo precisa de sua energia contr\u00e1ria, seu ant\u00f4nimo, para poder mensurar e qualificar todas as coisas. Ningu\u00e9m pode classificar o alto se n\u00e3o tiver o baixo para compara\u00e7\u00e3o. Ningu\u00e9m pode classificar o branco, se n\u00e3o tiver o preto para compara\u00e7\u00e3o. Como tamb\u00e9m n\u00e3o se pode classificar o grande se n\u00e3o tiver o pequeno. Da mesma forma, n\u00e3o podemos mensurar a luz se n\u00e3o soubermos como \u00e9 a escurid\u00e3o. H\u00e1 a necessidade de, ao menos, ter uma pequena no\u00e7\u00e3o dos ant\u00f4nimos se quisermos classificar qualquer coisa, o necess\u00e1rio para podermos distinguir o bem do mal, o s\u00e3o do doente, a evolu\u00e7\u00e3o da estagna\u00e7\u00e3o, o andar do caranguejo, somente para tr\u00e1s. A capacidade de discernir entre o bem e o mal nos mostra a estrada que precisamos percorrer para alcan\u00e7ar o objetivo que est\u00e1 impresso em nosso DNA, o qual nos dar\u00e1 a compreens\u00e3o plena de nossa individualidade, o caminho que precisa percorrer, o objetivo que precisa alcan\u00e7ar, sempre presente na mente do esp\u00edrito e que precisa passar para o consciente de seu corpo f\u00edsico, e este unir for\u00e7as com o esp\u00edrito para, juntos, alcan\u00e7ar a evolu\u00e7\u00e3o necess\u00e1ria para tornarem-se um s\u00f3. Isso porque, quando o esp\u00edrito est\u00e1 pronto, o corpo que est\u00e1 usando o acompanha para a eternidade, tendo, ent\u00e3o, o dom\u00ednio completo do universo, podendo criar e recriar tudo do que necessitar.<\/p>\n","protected":false},"excerpt":{"rendered":"<p>05\/11\/2022 Tudo precisa de sua energia contr\u00e1ria, seu ant\u00f4nimo, para poder mensurar e qualificar todas as coisas. Ningu\u00e9m pode classificar o alto se n\u00e3o tiver o baixo para compara\u00e7\u00e3o. Ningu\u00e9m pode classificar o branco, se n\u00e3o tiver o preto para compara\u00e7\u00e3o. Como tamb\u00e9m n\u00e3o se pode classificar o grande se n\u00e3o tiver o pequeno. Da [&hellip;]<\/p>\n","protected":false},"author":1,"featured_media":0,"comment_status":"open","ping_status":"open","sticky":false,"template":"","format":"standard","meta":{"_mi_skip_tracking":false},"categories":[33],"tags":[],"_links":{"self":[{"href":"https:\/\/www.miguelfaccio.com.br\/blog\/index.php\/wp-json\/wp\/v2\/posts\/19209"}],"collection":[{"href":"https:\/\/www.miguelfaccio.com.br\/blog\/index.php\/wp-json\/wp\/v2\/posts"}],"about":[{"href":"https:\/\/www.miguelfaccio.com.br\/blog\/index.php\/wp-json\/wp\/v2\/types\/post"}],"author":[{"embeddable":true,"href":"https:\/\/www.miguelfaccio.com.br\/blog\/index.php\/wp-json\/wp\/v2\/users\/1"}],"replies":[{"embeddable":true,"href":"https:\/\/www.miguelfaccio.com.br\/blog\/index.php\/wp-json\/wp\/v2\/comments?post=19209"}],"version-history":[{"count":1,"href":"https:\/\/www.miguelfaccio.com.br\/blog\/index.php\/wp-json\/wp\/v2\/posts\/19209\/revisions"}],"predecessor-version":[{"id":19210,"href":"https:\/\/www.miguelfaccio.com.br\/blog\/index.php\/wp-json\/wp\/v2\/posts\/19209\/revisions\/19210"}],"wp:attachment":[{"href":"https:\/\/www.miguelfaccio.com.br\/blog\/index.php\/wp-json\/wp\/v2\/media?parent=19209"}],"wp:term":[{"taxonomy":"category","embeddable":true,"href":"https:\/\/www.miguelfaccio.com.br\/blog\/index.php\/wp-json\/wp\/v2\/categories?post=19209"},{"taxonomy":"post_tag","embeddable":true,"href":"https:\/\/www.miguelfaccio.com.br\/blog\/index.php\/wp-json\/wp\/v2\/tags?post=19209"}],"curies":[{"name":"wp","href":"https:\/\/api.w.org\/{rel}","templated":true}]}}