{"id":19205,"date":"2025-04-14T08:17:36","date_gmt":"2025-04-14T11:17:36","guid":{"rendered":"https:\/\/www.miguelfaccio.com.br\/blog\/?p=19205"},"modified":"2025-04-14T08:17:38","modified_gmt":"2025-04-14T11:17:38","slug":"plv4069-livro-27-diario-04-11-2022","status":"publish","type":"post","link":"https:\/\/www.miguelfaccio.com.br\/blog\/index.php\/plv4069-livro-27-diario-04-11-2022\/","title":{"rendered":"PLV4069 \u2013 Livro 27 \u2013 Di\u00e1rio, 04\/11\/2022"},"content":{"rendered":"\n<p class=\"has-text-align-right\"><strong>04\/11\/2022<\/strong><\/p>\n\n\n\n<p>N\u00e3o posso dizer que todo o nosso sistema solar esteja em ebuli\u00e7\u00e3o, para elevar-se, tamb\u00e9m, a uma oitava superior de evolu\u00e7\u00e3o, mas, com certeza, o planeta Terra est\u00e1 dando todas as demonstra\u00e7\u00f5es poss\u00edveis que ascenesionou para uma oitava superior, a quinta dimens\u00e3o. O sol, h\u00e1 bastante tempo, tenho notado mudan\u00e7as em sua irradia\u00e7\u00e3o colorida. Desde que me tenho como gente, sempre via tanto o amanhecer como o anoitecer com sua colora\u00e7\u00e3o amarela. Ao anoitecer, \u00e0s vezes surge uma cor mais avermelhada. Hoje, o sol est\u00e1 apresentando, em alguns dias, cores mais marcantes: vermelha, violeta, amarela intenso, com varia\u00e7\u00f5es dessas cores extremamente carregadas. N\u00e3o pode ser minha imagina\u00e7\u00e3o, porque sou muito levado \u00e0 observa\u00e7\u00e3o e par\u00e2metros para exprimir meus conceitos. H\u00e1 informa\u00e7\u00f5es de nossos irm\u00e3os maiores de que a Terra j\u00e1 passou para a quinta dimens\u00e3o. N\u00e3o posso fazer ju\u00edzo quanto ao restante de nosso sistema solar. H\u00e1-se de fazer uma constata\u00e7\u00e3o importante: a grande quantidade de naves espaciais de nossos irm\u00e3os das estrelas deve estar aqui em aux\u00edlio de seus irm\u00e3os menores, os terr\u00e1queos, que a qualquer momento estejam necessitando de sua ajuda, para enfrentar problemas futuros que poder\u00e3o advir da irracionalidade de muitos governantes que se julgam os donos do mundo e n\u00e3o admitem que algu\u00e9m os conteste e a \u00fanica coisa que est\u00e1 certa e que vale \u00e9 aquilo que pensam e que fazem.<\/p>\n","protected":false},"excerpt":{"rendered":"<p>04\/11\/2022 N\u00e3o posso dizer que todo o nosso sistema solar esteja em ebuli\u00e7\u00e3o, para elevar-se, tamb\u00e9m, a uma oitava superior de evolu\u00e7\u00e3o, mas, com certeza, o planeta Terra est\u00e1 dando todas as demonstra\u00e7\u00f5es poss\u00edveis que ascenesionou para uma oitava superior, a quinta dimens\u00e3o. O sol, h\u00e1 bastante tempo, tenho notado mudan\u00e7as em sua irradia\u00e7\u00e3o colorida. [&hellip;]<\/p>\n","protected":false},"author":1,"featured_media":0,"comment_status":"open","ping_status":"open","sticky":false,"template":"","format":"standard","meta":{"_mi_skip_tracking":false},"categories":[33],"tags":[],"_links":{"self":[{"href":"https:\/\/www.miguelfaccio.com.br\/blog\/index.php\/wp-json\/wp\/v2\/posts\/19205"}],"collection":[{"href":"https:\/\/www.miguelfaccio.com.br\/blog\/index.php\/wp-json\/wp\/v2\/posts"}],"about":[{"href":"https:\/\/www.miguelfaccio.com.br\/blog\/index.php\/wp-json\/wp\/v2\/types\/post"}],"author":[{"embeddable":true,"href":"https:\/\/www.miguelfaccio.com.br\/blog\/index.php\/wp-json\/wp\/v2\/users\/1"}],"replies":[{"embeddable":true,"href":"https:\/\/www.miguelfaccio.com.br\/blog\/index.php\/wp-json\/wp\/v2\/comments?post=19205"}],"version-history":[{"count":1,"href":"https:\/\/www.miguelfaccio.com.br\/blog\/index.php\/wp-json\/wp\/v2\/posts\/19205\/revisions"}],"predecessor-version":[{"id":19206,"href":"https:\/\/www.miguelfaccio.com.br\/blog\/index.php\/wp-json\/wp\/v2\/posts\/19205\/revisions\/19206"}],"wp:attachment":[{"href":"https:\/\/www.miguelfaccio.com.br\/blog\/index.php\/wp-json\/wp\/v2\/media?parent=19205"}],"wp:term":[{"taxonomy":"category","embeddable":true,"href":"https:\/\/www.miguelfaccio.com.br\/blog\/index.php\/wp-json\/wp\/v2\/categories?post=19205"},{"taxonomy":"post_tag","embeddable":true,"href":"https:\/\/www.miguelfaccio.com.br\/blog\/index.php\/wp-json\/wp\/v2\/tags?post=19205"}],"curies":[{"name":"wp","href":"https:\/\/api.w.org\/{rel}","templated":true}]}}