{"id":19201,"date":"2025-04-13T09:18:57","date_gmt":"2025-04-13T12:18:57","guid":{"rendered":"https:\/\/www.miguelfaccio.com.br\/blog\/?p=19201"},"modified":"2025-04-13T09:18:59","modified_gmt":"2025-04-13T12:18:59","slug":"plv4068-livro-27-diario-03-11-2022","status":"publish","type":"post","link":"https:\/\/www.miguelfaccio.com.br\/blog\/index.php\/plv4068-livro-27-diario-03-11-2022\/","title":{"rendered":"PLV4068 \u2013 Livro 27 \u2013 Di\u00e1rio, 03\/11\/2022"},"content":{"rendered":"\n<p class=\"has-text-align-right\"><strong>03\/11\/2022<\/strong><\/p>\n\n\n\n<p>Os destinos dos homens j\u00e1 est\u00e3o tra\u00e7ados desde sua individualiza\u00e7\u00e3o de uma part\u00edcula da pr\u00f3pria Divindade. Boa parte desse destino, a menos boa parte do caminho que leva a ele, j\u00e1 est\u00e1 percorrido. Estamos passando agora, como humanidade terr\u00e1quea, uma prova extremamente importante, que Jesus chama de \u201ca separa\u00e7\u00e3o do joio e do trigo\u201d. Agora, exatamente neste tempo, est\u00e1 acontecendo este grande teste para a humanidade. Nele, surgir\u00e3o os fortes de esp\u00edrito, aqueles que seguem, sem olhar para tr\u00e1s, a op\u00e7\u00e3o, a escolha que j\u00e1 fez, de seguir a luz. Com o olhar para o alto, antev\u00ea o reino prometido aos eleitos. N\u00e3o titubeia ante as dificuldades do caminho, est\u00e1 de corpo e ess\u00eancia determinado a conseguir alcan\u00e7ar sua mestria. Surgir\u00e3o, e muitos, os fracos, aqueles que, como birutas, que se deixam levar pelo sabor do vento. Dizem-se crist\u00e3os, mas escolhem as trevas. Dizem-se buscadores da luz, mas se escondem nas trevas da incapacidade de sopesar atrav\u00e9s de par\u00e2metros v\u00e1lidos suas tomadas de posi\u00e7\u00e3o. Deixam-se levar por boas fal\u00e1cias, como o vento leva as folhas secas que est\u00e3o espalhadas pelo ch\u00e3o. Incapazes de discernir com base em experi\u00eancias de outros, especialmente pa\u00edses, atiram-se como lobos famintos defendendo sua presa, como a \u00fanica coisa certa que devem defender. No entanto, est\u00e3o guardando dentro de um saco a cobra mais pe\u00e7onhenta que j\u00e1 andou por esta terra.<\/p>\n","protected":false},"excerpt":{"rendered":"<p>03\/11\/2022 Os destinos dos homens j\u00e1 est\u00e3o tra\u00e7ados desde sua individualiza\u00e7\u00e3o de uma part\u00edcula da pr\u00f3pria Divindade. Boa parte desse destino, a menos boa parte do caminho que leva a ele, j\u00e1 est\u00e1 percorrido. Estamos passando agora, como humanidade terr\u00e1quea, uma prova extremamente importante, que Jesus chama de \u201ca separa\u00e7\u00e3o do joio e do trigo\u201d. [&hellip;]<\/p>\n","protected":false},"author":1,"featured_media":0,"comment_status":"open","ping_status":"open","sticky":false,"template":"","format":"standard","meta":{"_mi_skip_tracking":false},"categories":[33],"tags":[],"_links":{"self":[{"href":"https:\/\/www.miguelfaccio.com.br\/blog\/index.php\/wp-json\/wp\/v2\/posts\/19201"}],"collection":[{"href":"https:\/\/www.miguelfaccio.com.br\/blog\/index.php\/wp-json\/wp\/v2\/posts"}],"about":[{"href":"https:\/\/www.miguelfaccio.com.br\/blog\/index.php\/wp-json\/wp\/v2\/types\/post"}],"author":[{"embeddable":true,"href":"https:\/\/www.miguelfaccio.com.br\/blog\/index.php\/wp-json\/wp\/v2\/users\/1"}],"replies":[{"embeddable":true,"href":"https:\/\/www.miguelfaccio.com.br\/blog\/index.php\/wp-json\/wp\/v2\/comments?post=19201"}],"version-history":[{"count":1,"href":"https:\/\/www.miguelfaccio.com.br\/blog\/index.php\/wp-json\/wp\/v2\/posts\/19201\/revisions"}],"predecessor-version":[{"id":19202,"href":"https:\/\/www.miguelfaccio.com.br\/blog\/index.php\/wp-json\/wp\/v2\/posts\/19201\/revisions\/19202"}],"wp:attachment":[{"href":"https:\/\/www.miguelfaccio.com.br\/blog\/index.php\/wp-json\/wp\/v2\/media?parent=19201"}],"wp:term":[{"taxonomy":"category","embeddable":true,"href":"https:\/\/www.miguelfaccio.com.br\/blog\/index.php\/wp-json\/wp\/v2\/categories?post=19201"},{"taxonomy":"post_tag","embeddable":true,"href":"https:\/\/www.miguelfaccio.com.br\/blog\/index.php\/wp-json\/wp\/v2\/tags?post=19201"}],"curies":[{"name":"wp","href":"https:\/\/api.w.org\/{rel}","templated":true}]}}