{"id":19197,"date":"2025-04-12T08:22:09","date_gmt":"2025-04-12T11:22:09","guid":{"rendered":"https:\/\/www.miguelfaccio.com.br\/blog\/?p=19197"},"modified":"2025-04-12T08:22:11","modified_gmt":"2025-04-12T11:22:11","slug":"plv4067-livro-27-diario-02-11-2022","status":"publish","type":"post","link":"https:\/\/www.miguelfaccio.com.br\/blog\/index.php\/plv4067-livro-27-diario-02-11-2022\/","title":{"rendered":"PLV4067 \u2013 Livro 27 \u2013 Di\u00e1rio, 02\/11\/2022"},"content":{"rendered":"\n<p class=\"has-text-align-right\"><strong>02\/11\/2022<\/strong><\/p>\n\n\n\n<p>Hoje, a cristandade comemora o Dia dos Mortos. Unimos tamb\u00e9m nossa mente para levar a todos os que j\u00e1 partiram para a vida ap\u00f3s a vida. Que possam receber e ter os ouvidos e a mente abertos para as emiss\u00f5es da R\u00e1dio Luz, que constantemente est\u00e1 transmitido para todo o universo suas mensagens, e atrav\u00e9s dos far\u00f3is no topo das antenas, espalhar aos quatro ventos deste universo os Raios Divinos, para limpeza de toda a energia negativa que ainda resta impregnada no planeta e de tantos humanos, escravos mentais das sombras, que querem a qualquer custo apoderar-se deste lindo planeta azul, cuja origem e destino \u00e9 ser uma estrela brilhante espargindo sua luz para o universo. A guerra entre a luz e as trevas est\u00e1 se acirrando de tal forma que precisamos do concurso de nossos irm\u00e3os das estrelas, especialmente para cortarem as liga\u00e7\u00f5es das trevas com seus cavalos de batalha humanos, que fazem todo o que for poss\u00edvel, especialmente il\u00edcitos, para tomarem o poder dos governos dos pa\u00edses e, assim, atrav\u00e9s do comunismo, dominarem o planeta e, especialmente, a mente das pessoas, para que n\u00e3o pensem mais com suas pr\u00f3prias cabe\u00e7as, mas que s\u00f3 caiba nela apenas aquilo que lhe foi incutido, plantado, regado e adubado por essa filosofia escravagista que \u00e9 o comunismo. Apesar de diariamente a R\u00e1dio Luz transmitir seus recados, que hoje intensifique sobre o planeta a emiss\u00e3o de Chama Violeta, para tentar erradicar esse escravagismo mental imposto sobre tantos terr\u00e1queos.<\/p>\n","protected":false},"excerpt":{"rendered":"<p>02\/11\/2022 Hoje, a cristandade comemora o Dia dos Mortos. Unimos tamb\u00e9m nossa mente para levar a todos os que j\u00e1 partiram para a vida ap\u00f3s a vida. Que possam receber e ter os ouvidos e a mente abertos para as emiss\u00f5es da R\u00e1dio Luz, que constantemente est\u00e1 transmitido para todo o universo suas mensagens, e [&hellip;]<\/p>\n","protected":false},"author":1,"featured_media":0,"comment_status":"open","ping_status":"open","sticky":false,"template":"","format":"standard","meta":{"_mi_skip_tracking":false},"categories":[33],"tags":[],"_links":{"self":[{"href":"https:\/\/www.miguelfaccio.com.br\/blog\/index.php\/wp-json\/wp\/v2\/posts\/19197"}],"collection":[{"href":"https:\/\/www.miguelfaccio.com.br\/blog\/index.php\/wp-json\/wp\/v2\/posts"}],"about":[{"href":"https:\/\/www.miguelfaccio.com.br\/blog\/index.php\/wp-json\/wp\/v2\/types\/post"}],"author":[{"embeddable":true,"href":"https:\/\/www.miguelfaccio.com.br\/blog\/index.php\/wp-json\/wp\/v2\/users\/1"}],"replies":[{"embeddable":true,"href":"https:\/\/www.miguelfaccio.com.br\/blog\/index.php\/wp-json\/wp\/v2\/comments?post=19197"}],"version-history":[{"count":1,"href":"https:\/\/www.miguelfaccio.com.br\/blog\/index.php\/wp-json\/wp\/v2\/posts\/19197\/revisions"}],"predecessor-version":[{"id":19198,"href":"https:\/\/www.miguelfaccio.com.br\/blog\/index.php\/wp-json\/wp\/v2\/posts\/19197\/revisions\/19198"}],"wp:attachment":[{"href":"https:\/\/www.miguelfaccio.com.br\/blog\/index.php\/wp-json\/wp\/v2\/media?parent=19197"}],"wp:term":[{"taxonomy":"category","embeddable":true,"href":"https:\/\/www.miguelfaccio.com.br\/blog\/index.php\/wp-json\/wp\/v2\/categories?post=19197"},{"taxonomy":"post_tag","embeddable":true,"href":"https:\/\/www.miguelfaccio.com.br\/blog\/index.php\/wp-json\/wp\/v2\/tags?post=19197"}],"curies":[{"name":"wp","href":"https:\/\/api.w.org\/{rel}","templated":true}]}}