{"id":19188,"date":"2025-04-10T08:18:33","date_gmt":"2025-04-10T11:18:33","guid":{"rendered":"https:\/\/www.miguelfaccio.com.br\/blog\/?p=19188"},"modified":"2025-04-10T08:18:35","modified_gmt":"2025-04-10T11:18:35","slug":"plv4065-livro-27-diario-31-10-2022","status":"publish","type":"post","link":"https:\/\/www.miguelfaccio.com.br\/blog\/index.php\/plv4065-livro-27-diario-31-10-2022\/","title":{"rendered":"PLV4065 \u2013 Livro 27 \u2013 Di\u00e1rio, 31\/10\/2022"},"content":{"rendered":"\n<p class=\"has-text-align-right\"><strong>31\/10\/2022<\/strong><\/p>\n\n\n\n<p>Todos n\u00f3s temos um caminho a percorrer. \u00c9 o caminho da evolu\u00e7\u00e3o espiritual. O caminho \u00e9 o mesmo para todos, mas cada um encontrar\u00e1 nele tudo aquilo que criou em suas vidas passadas. Evolutivamente, cada um est\u00e1 na posi\u00e7\u00e3o que conseguiu alcan\u00e7ar. Ter\u00e1 que retirar de sua estrada as pedras, os espinhos, as cobras e os lagartos criados pelos seus pensamentos, em vidas passadas. Para melhor desenvolver sua caminhada, ter\u00e1 que retir\u00e1-los dali. Esquecemos que Deus nos deu o poder de criar atrav\u00e9s do pensamento e, negligentemente, criamos sem nos preocuparmos de que, logo ali adiante, teremos que exorciz\u00e1-los. Esta li\u00e7\u00e3o est\u00e1 dif\u00edcil de aprender. Trope\u00e7amos nas pedras, as retiramos e continuamos a p\u00f4r outras ali adiante. Conhecimento temos, pois h\u00e1 dois mil anos o Cristo disse \u201ca semeadura \u00e9 livre, mas a colheita \u00e9 obrigat\u00f3ria\u201d. N\u00e3o conseguimos entender que a semente semeada \u00e9 o que foi produzido pelo nosso pensamento. A pedra encontrada \u00e9 a semente que o pensamento produziu e se encontra no nosso caminho para que n\u00f3s pr\u00f3prios as retiremos. A retirada, a colheita, precisa ser feita. A evolu\u00e7\u00e3o espiritual consiste, tamb\u00e9m, na capacidade adquirida de controlar as cria\u00e7\u00f5es dos pensamentos. Poder\u00edamos at\u00e9 comparar nosso pensamento com o volante de um carro. Se ele nos obedecer, nos levar\u00e1 aonde precisamos ir. Se ele n\u00e3o nos obedecer, j\u00e1 podem imaginar para onde nos levar\u00e1. Precisaremos fixar em nossa mente que somos n\u00f3s que temos que evoluir, ningu\u00e9m far\u00e1 isso por n\u00f3s.<\/p>\n","protected":false},"excerpt":{"rendered":"<p>31\/10\/2022 Todos n\u00f3s temos um caminho a percorrer. \u00c9 o caminho da evolu\u00e7\u00e3o espiritual. O caminho \u00e9 o mesmo para todos, mas cada um encontrar\u00e1 nele tudo aquilo que criou em suas vidas passadas. Evolutivamente, cada um est\u00e1 na posi\u00e7\u00e3o que conseguiu alcan\u00e7ar. Ter\u00e1 que retirar de sua estrada as pedras, os espinhos, as cobras [&hellip;]<\/p>\n","protected":false},"author":1,"featured_media":0,"comment_status":"open","ping_status":"open","sticky":false,"template":"","format":"standard","meta":{"_mi_skip_tracking":false},"categories":[33],"tags":[],"_links":{"self":[{"href":"https:\/\/www.miguelfaccio.com.br\/blog\/index.php\/wp-json\/wp\/v2\/posts\/19188"}],"collection":[{"href":"https:\/\/www.miguelfaccio.com.br\/blog\/index.php\/wp-json\/wp\/v2\/posts"}],"about":[{"href":"https:\/\/www.miguelfaccio.com.br\/blog\/index.php\/wp-json\/wp\/v2\/types\/post"}],"author":[{"embeddable":true,"href":"https:\/\/www.miguelfaccio.com.br\/blog\/index.php\/wp-json\/wp\/v2\/users\/1"}],"replies":[{"embeddable":true,"href":"https:\/\/www.miguelfaccio.com.br\/blog\/index.php\/wp-json\/wp\/v2\/comments?post=19188"}],"version-history":[{"count":1,"href":"https:\/\/www.miguelfaccio.com.br\/blog\/index.php\/wp-json\/wp\/v2\/posts\/19188\/revisions"}],"predecessor-version":[{"id":19189,"href":"https:\/\/www.miguelfaccio.com.br\/blog\/index.php\/wp-json\/wp\/v2\/posts\/19188\/revisions\/19189"}],"wp:attachment":[{"href":"https:\/\/www.miguelfaccio.com.br\/blog\/index.php\/wp-json\/wp\/v2\/media?parent=19188"}],"wp:term":[{"taxonomy":"category","embeddable":true,"href":"https:\/\/www.miguelfaccio.com.br\/blog\/index.php\/wp-json\/wp\/v2\/categories?post=19188"},{"taxonomy":"post_tag","embeddable":true,"href":"https:\/\/www.miguelfaccio.com.br\/blog\/index.php\/wp-json\/wp\/v2\/tags?post=19188"}],"curies":[{"name":"wp","href":"https:\/\/api.w.org\/{rel}","templated":true}]}}