{"id":19180,"date":"2025-04-08T09:10:38","date_gmt":"2025-04-08T12:10:38","guid":{"rendered":"https:\/\/www.miguelfaccio.com.br\/blog\/?p=19180"},"modified":"2025-04-08T09:10:40","modified_gmt":"2025-04-08T12:10:40","slug":"plv4063-livro-27-diario-29-10-2022","status":"publish","type":"post","link":"https:\/\/www.miguelfaccio.com.br\/blog\/index.php\/plv4063-livro-27-diario-29-10-2022\/","title":{"rendered":"PLV4063 \u2013 Livro 27 \u2013 Di\u00e1rio, 29\/10\/2022"},"content":{"rendered":"\n<p class=\"has-text-align-right\"><strong>29\/10\/2022<\/strong><\/p>\n\n\n\n<p>No decorrer de nossa vida f\u00edsica, por ignor\u00e2ncia ou por desleixo mesmo, muitos pensamentos, muitas palavras e muitas obras nossas foram prejudiciais \u00e0quele que habita dentro de n\u00f3s e nos d\u00e1 a vida f\u00edsica, com todos os seus atributos. Precisa haver, especialmente por parte dos pais ou respons\u00e1veis pelo desenvolvimento da crian\u00e7a, informa\u00e7\u00f5es, ao n\u00edvel do entendimento da crian\u00e7a, para introduzir lentamente em seu consciente exterior aqueles conhecimentos que s\u00e3o indispens\u00e1veis a todo ser humano para desenvolver-se como uma dualidade consciente, conseguindo intelectualizar sua parte f\u00edsica e sua parte espiritual, sua alma. O desconhecimento acarreta sempre a maior fixa\u00e7\u00e3o de sua parte que lhe \u00e9 palp\u00e1vel, vis\u00edvel e sens\u00edvel. Se n\u00e3o houver conhecimento e intelectualiza\u00e7\u00e3o de sua outra parte do bin\u00f4mio humano, e, propriamente descartado ou ignorado, escondido em qualquer parte de sua mem\u00f3ria. Ao contr\u00e1rio, quem j\u00e1 recebe essas informa\u00e7\u00f5es importantes, desde cedo, reconhece que \u00e9 parte de si e que esta parte de si vive em todos os seres, e que, na realidade, \u00e9 uma part\u00edcula da pr\u00f3pria Divindade. Conscientemente, come\u00e7a a valorizar essa sua outra parte que tem uma vida eterna. Que o corpo, a qualquer momento, pode morrer, mas essa sua outra parte, sua alma, viver\u00e1 para sempre. O objetivo do corpo \u00e9 evoluir nas ci\u00eancias dos homens, e o objetivo da alma \u00e9 desenvolver-se espiritualmente.<\/p>\n","protected":false},"excerpt":{"rendered":"<p>29\/10\/2022 No decorrer de nossa vida f\u00edsica, por ignor\u00e2ncia ou por desleixo mesmo, muitos pensamentos, muitas palavras e muitas obras nossas foram prejudiciais \u00e0quele que habita dentro de n\u00f3s e nos d\u00e1 a vida f\u00edsica, com todos os seus atributos. Precisa haver, especialmente por parte dos pais ou respons\u00e1veis pelo desenvolvimento da crian\u00e7a, informa\u00e7\u00f5es, ao [&hellip;]<\/p>\n","protected":false},"author":1,"featured_media":0,"comment_status":"open","ping_status":"open","sticky":false,"template":"","format":"standard","meta":{"_mi_skip_tracking":false},"categories":[33],"tags":[],"_links":{"self":[{"href":"https:\/\/www.miguelfaccio.com.br\/blog\/index.php\/wp-json\/wp\/v2\/posts\/19180"}],"collection":[{"href":"https:\/\/www.miguelfaccio.com.br\/blog\/index.php\/wp-json\/wp\/v2\/posts"}],"about":[{"href":"https:\/\/www.miguelfaccio.com.br\/blog\/index.php\/wp-json\/wp\/v2\/types\/post"}],"author":[{"embeddable":true,"href":"https:\/\/www.miguelfaccio.com.br\/blog\/index.php\/wp-json\/wp\/v2\/users\/1"}],"replies":[{"embeddable":true,"href":"https:\/\/www.miguelfaccio.com.br\/blog\/index.php\/wp-json\/wp\/v2\/comments?post=19180"}],"version-history":[{"count":1,"href":"https:\/\/www.miguelfaccio.com.br\/blog\/index.php\/wp-json\/wp\/v2\/posts\/19180\/revisions"}],"predecessor-version":[{"id":19181,"href":"https:\/\/www.miguelfaccio.com.br\/blog\/index.php\/wp-json\/wp\/v2\/posts\/19180\/revisions\/19181"}],"wp:attachment":[{"href":"https:\/\/www.miguelfaccio.com.br\/blog\/index.php\/wp-json\/wp\/v2\/media?parent=19180"}],"wp:term":[{"taxonomy":"category","embeddable":true,"href":"https:\/\/www.miguelfaccio.com.br\/blog\/index.php\/wp-json\/wp\/v2\/categories?post=19180"},{"taxonomy":"post_tag","embeddable":true,"href":"https:\/\/www.miguelfaccio.com.br\/blog\/index.php\/wp-json\/wp\/v2\/tags?post=19180"}],"curies":[{"name":"wp","href":"https:\/\/api.w.org\/{rel}","templated":true}]}}