{"id":19171,"date":"2025-04-06T09:49:20","date_gmt":"2025-04-06T12:49:20","guid":{"rendered":"https:\/\/www.miguelfaccio.com.br\/blog\/?p=19171"},"modified":"2025-04-06T09:49:22","modified_gmt":"2025-04-06T12:49:22","slug":"plv4061-livro-27-diario-27-10-2022","status":"publish","type":"post","link":"https:\/\/www.miguelfaccio.com.br\/blog\/index.php\/plv4061-livro-27-diario-27-10-2022\/","title":{"rendered":"PLV4061 \u2013 Livro 27 \u2013 Di\u00e1rio, 27\/10\/2022"},"content":{"rendered":"\n<p class=\"has-text-align-right\"><strong>27\/10\/2022<\/strong><\/p>\n\n\n\n<p>Precisamos apressar o passo para podermos, tamb\u00e9m, ingressar na quinta dimens\u00e3o. Energeticamente, a Terra j\u00e1 est\u00e1 l\u00e1, o que est\u00e1 faltando \u00e9 grande parte da humanidade terr\u00e1quea enquadrar-se dentro dos par\u00e2metros que d\u00e3o acesso a essa bem-aventuran\u00e7a conquistada pelo planeta, que h\u00e1 tantos \u00e9ons de tempo vinha se preparando para sua ascens\u00e3o a uma energia mais elevada. H\u00e1 quanto tempo a Terra foi criada? S\u00f3 Deus o sabe, mas possivelmente h\u00e1 algumas dezenas de bilh\u00f5es de anos. Sabe-se apenas como foi criada. Durante todo esse tempo, talvez fora morada, em seu in\u00edcio, para ess\u00eancias, almas ou esp\u00edritos ainda em primeira dimens\u00e3o. Depois para esp\u00edritos um pouco mais evolu\u00eddos e ingressos na segunda dimens\u00e3o e, posteriormente, deu condi\u00e7\u00f5es a esp\u00edritos em terceira dimens\u00e3o, at\u00e9 os dias de hoje, quando ent\u00e3o foi elevada para a quinta dimens\u00e3o. Suponho eu que tenha passado por ber\u00e7\u00e1rio para esp\u00edritos rec\u00e9m-criados, jardim da inf\u00e2ncia para esp\u00edritos que iniciam a descobrir o que os rodeia e, depois, j\u00e1 capazes de entender aquilo que est\u00e1 \u00e0 sua frente e come\u00e7a a experienciar, descobrir e analisar: isso \u00e9 bom, isso \u00e9 ruim, isso posso, isso n\u00e3o posso, assim seu pensamento torna-se seu guia. Come\u00e7a ent\u00e3o a tornar-se respons\u00e1vel pelo que seu pensamento criar. Come\u00e7a a experienciar sua atividade de ser Deus em a\u00e7\u00e3o. Porque criar \u00e9 um requisito Divino dado a todas as criaturas, veiculado ao seu reino e evolu\u00e7\u00e3o.<\/p>\n","protected":false},"excerpt":{"rendered":"<p>27\/10\/2022 Precisamos apressar o passo para podermos, tamb\u00e9m, ingressar na quinta dimens\u00e3o. Energeticamente, a Terra j\u00e1 est\u00e1 l\u00e1, o que est\u00e1 faltando \u00e9 grande parte da humanidade terr\u00e1quea enquadrar-se dentro dos par\u00e2metros que d\u00e3o acesso a essa bem-aventuran\u00e7a conquistada pelo planeta, que h\u00e1 tantos \u00e9ons de tempo vinha se preparando para sua ascens\u00e3o a uma [&hellip;]<\/p>\n","protected":false},"author":1,"featured_media":0,"comment_status":"open","ping_status":"open","sticky":false,"template":"","format":"standard","meta":{"_mi_skip_tracking":false},"categories":[33],"tags":[],"_links":{"self":[{"href":"https:\/\/www.miguelfaccio.com.br\/blog\/index.php\/wp-json\/wp\/v2\/posts\/19171"}],"collection":[{"href":"https:\/\/www.miguelfaccio.com.br\/blog\/index.php\/wp-json\/wp\/v2\/posts"}],"about":[{"href":"https:\/\/www.miguelfaccio.com.br\/blog\/index.php\/wp-json\/wp\/v2\/types\/post"}],"author":[{"embeddable":true,"href":"https:\/\/www.miguelfaccio.com.br\/blog\/index.php\/wp-json\/wp\/v2\/users\/1"}],"replies":[{"embeddable":true,"href":"https:\/\/www.miguelfaccio.com.br\/blog\/index.php\/wp-json\/wp\/v2\/comments?post=19171"}],"version-history":[{"count":1,"href":"https:\/\/www.miguelfaccio.com.br\/blog\/index.php\/wp-json\/wp\/v2\/posts\/19171\/revisions"}],"predecessor-version":[{"id":19172,"href":"https:\/\/www.miguelfaccio.com.br\/blog\/index.php\/wp-json\/wp\/v2\/posts\/19171\/revisions\/19172"}],"wp:attachment":[{"href":"https:\/\/www.miguelfaccio.com.br\/blog\/index.php\/wp-json\/wp\/v2\/media?parent=19171"}],"wp:term":[{"taxonomy":"category","embeddable":true,"href":"https:\/\/www.miguelfaccio.com.br\/blog\/index.php\/wp-json\/wp\/v2\/categories?post=19171"},{"taxonomy":"post_tag","embeddable":true,"href":"https:\/\/www.miguelfaccio.com.br\/blog\/index.php\/wp-json\/wp\/v2\/tags?post=19171"}],"curies":[{"name":"wp","href":"https:\/\/api.w.org\/{rel}","templated":true}]}}