{"id":19167,"date":"2025-04-05T09:22:25","date_gmt":"2025-04-05T12:22:25","guid":{"rendered":"https:\/\/www.miguelfaccio.com.br\/blog\/?p=19167"},"modified":"2025-04-05T09:22:27","modified_gmt":"2025-04-05T12:22:27","slug":"plv4060-livro-27-diario-26-10-2022","status":"publish","type":"post","link":"https:\/\/www.miguelfaccio.com.br\/blog\/index.php\/plv4060-livro-27-diario-26-10-2022\/","title":{"rendered":"PLV4060 \u2013 Livro 27 \u2013 Di\u00e1rio, 26\/10\/2022"},"content":{"rendered":"\n<p class=\"has-text-align-right\"><strong>26\/10\/2022<\/strong><\/p>\n\n\n\n<p>Estamos correndo contra o tempo. Muitos, conscientemente, querem alcan\u00e7ar a quinta dimens\u00e3o, outros, n\u00e3o sabem o que \u00e9, n\u00e3o se preocupam e julgam que n\u00e3o \u00e9 com eles. A ansiedade pelo desejo de alcan\u00e7\u00e1-la s\u00f3 atrapalha, n\u00e3o acresce nada na corrida evolutiva que estamos empreendendo. A preocupa\u00e7\u00e3o com o tempo que est\u00e1 \u00e0 frente, da mesma forma, s\u00f3 impede que o esp\u00edrito possa livremente dedicar-se \u00e0 sua escada evolutiva. Uma coisa \u00e9 muito importante e geralmente \u00e9 atrapalhada por essa palavrinha \u201ctempo\u201d. Temos que entender melhor essa situa\u00e7\u00e3o tempo: passado e futuro n\u00e3o existem. H\u00e1 somente o agora, que \u00e9 o tempo de Deus, o tempo do universo. O tempo passado, presente e futuro \u00e9 apenas uma configura\u00e7\u00e3o filos\u00f3fica, mas em nada interfere em nossa viv\u00eancia na experiencia\u00e7\u00e3o do conhecimento. O passado \u00e9 apenas e t\u00e3o somente o agora que passou, mas deixou a sua marca, nada mais. Nada posso fazer no passado. Apenas resgatar sua marca deixada, que servir\u00e1 como evolu\u00e7\u00e3o ou carma a ser quitado. O futuro, da mesma forma, apenas guarda as marcas do passado, para que sirvam de evolu\u00e7\u00e3o do esp\u00edrito ou, quando o agora passa, v\u00eam parcelas do futuro, trazendo as energias, as marcas deixadas pelo passado para evolu\u00edrem, tanto a mat\u00e9ria como o esp\u00edrito, ou para que o corpo f\u00edsico produza o resgate no agora. N\u00e3o \u00e9 muito dif\u00edcil o entendimento disso. H\u00e1 dois mil anos, o Cristo disse: \u201ca semeadura \u00e9 livre, mas a colheita \u00e9 obrigat\u00f3ria\u201d. \u00c9 exatamente isto: planta, semeia, faze o que quiseres, mas depois ter\u00e1s que colher ou ressarcir o universo por aquilo que fizeste.<\/p>\n","protected":false},"excerpt":{"rendered":"<p>26\/10\/2022 Estamos correndo contra o tempo. Muitos, conscientemente, querem alcan\u00e7ar a quinta dimens\u00e3o, outros, n\u00e3o sabem o que \u00e9, n\u00e3o se preocupam e julgam que n\u00e3o \u00e9 com eles. A ansiedade pelo desejo de alcan\u00e7\u00e1-la s\u00f3 atrapalha, n\u00e3o acresce nada na corrida evolutiva que estamos empreendendo. A preocupa\u00e7\u00e3o com o tempo que est\u00e1 \u00e0 frente, [&hellip;]<\/p>\n","protected":false},"author":1,"featured_media":0,"comment_status":"open","ping_status":"open","sticky":false,"template":"","format":"standard","meta":{"_mi_skip_tracking":false},"categories":[33],"tags":[],"_links":{"self":[{"href":"https:\/\/www.miguelfaccio.com.br\/blog\/index.php\/wp-json\/wp\/v2\/posts\/19167"}],"collection":[{"href":"https:\/\/www.miguelfaccio.com.br\/blog\/index.php\/wp-json\/wp\/v2\/posts"}],"about":[{"href":"https:\/\/www.miguelfaccio.com.br\/blog\/index.php\/wp-json\/wp\/v2\/types\/post"}],"author":[{"embeddable":true,"href":"https:\/\/www.miguelfaccio.com.br\/blog\/index.php\/wp-json\/wp\/v2\/users\/1"}],"replies":[{"embeddable":true,"href":"https:\/\/www.miguelfaccio.com.br\/blog\/index.php\/wp-json\/wp\/v2\/comments?post=19167"}],"version-history":[{"count":1,"href":"https:\/\/www.miguelfaccio.com.br\/blog\/index.php\/wp-json\/wp\/v2\/posts\/19167\/revisions"}],"predecessor-version":[{"id":19168,"href":"https:\/\/www.miguelfaccio.com.br\/blog\/index.php\/wp-json\/wp\/v2\/posts\/19167\/revisions\/19168"}],"wp:attachment":[{"href":"https:\/\/www.miguelfaccio.com.br\/blog\/index.php\/wp-json\/wp\/v2\/media?parent=19167"}],"wp:term":[{"taxonomy":"category","embeddable":true,"href":"https:\/\/www.miguelfaccio.com.br\/blog\/index.php\/wp-json\/wp\/v2\/categories?post=19167"},{"taxonomy":"post_tag","embeddable":true,"href":"https:\/\/www.miguelfaccio.com.br\/blog\/index.php\/wp-json\/wp\/v2\/tags?post=19167"}],"curies":[{"name":"wp","href":"https:\/\/api.w.org\/{rel}","templated":true}]}}