{"id":19163,"date":"2025-04-04T09:33:40","date_gmt":"2025-04-04T12:33:40","guid":{"rendered":"https:\/\/www.miguelfaccio.com.br\/blog\/?p=19163"},"modified":"2025-04-04T09:33:42","modified_gmt":"2025-04-04T12:33:42","slug":"plv4059-livro-27-diario-25-10-2022","status":"publish","type":"post","link":"https:\/\/www.miguelfaccio.com.br\/blog\/index.php\/plv4059-livro-27-diario-25-10-2022\/","title":{"rendered":"PLV4059 \u2013 Livro 27 \u2013 Di\u00e1rio, 25\/10\/2022"},"content":{"rendered":"\n<p class=\"has-text-align-right\"><strong>25\/10\/2022<\/strong><\/p>\n\n\n\n<p>Tudo o que existe no universo tem um motivo de ser. Nada \u00e9 criado sem que tenha um objetivo, uma fun\u00e7\u00e3o a exercer dentro do universo. Cada \u00e1tomo, menor part\u00edcula da mat\u00e9ria, \u00e9 necess\u00e1rio para o perfeito funcionamento do universo. N\u00e3o temos consci\u00eancia disso, e inclusive consideramos a n\u00f3s mesmos como nulidade perante essa imensid\u00e3o que chamamos de universo. Nos consideramos nulidade pelo parco entendimento de nossa realidade, pelo pouco caso que damos \u00e0 nossa vida e aquilo que nos rodeia, pela facilidade com que tiramos a vida de outros seres, tanto humanos como de outros reinos. Nos consideramos nulidade pela ideia que fazemos de nossa vida como a dos outros, que, se morreu, tudo acabou. Seu consciente n\u00e3o \u00e9 capaz de esperar e criar confian\u00e7a, s\u00f3 sabe usufruir enquanto pode. N\u00e3o amealha tesouros que o ladr\u00e3o n\u00e3o rouba e que a tra\u00e7a n\u00e3o corr\u00f3i. Sua vida \u00e9 apenas de apar\u00eancias. Como diz um ditado popular da minha terra, \u201cn\u00e3o fede, nem cheira\u201d. Uma vida dessas n\u00e3o tem sentido, seu consciente n\u00e3o conseguiu encontrar em si algo que possa objetivar a nulidade que criou sobre si. N\u00e3o se conscientizou, ainda, de que cada um pode ser aquilo que quer, \u00e9 s\u00f3 escolher e fazer. Nada se imp\u00f5e a ningu\u00e9m. Tudo \u00e9 uma quest\u00e3o de escolha. Tudo \u00e9 uma quest\u00e3o de j\u00e1 ser aquilo que se quer ser. Se olhar para os lados, ver\u00e1 centenas de m\u00e3os estendidas, mas nenhuma delas ir\u00e1 pux\u00e1-lo do lamaceiro em que se encontra. O querer sair dali \u00e9 seu.<\/p>\n","protected":false},"excerpt":{"rendered":"<p>25\/10\/2022 Tudo o que existe no universo tem um motivo de ser. Nada \u00e9 criado sem que tenha um objetivo, uma fun\u00e7\u00e3o a exercer dentro do universo. Cada \u00e1tomo, menor part\u00edcula da mat\u00e9ria, \u00e9 necess\u00e1rio para o perfeito funcionamento do universo. N\u00e3o temos consci\u00eancia disso, e inclusive consideramos a n\u00f3s mesmos como nulidade perante essa [&hellip;]<\/p>\n","protected":false},"author":1,"featured_media":0,"comment_status":"open","ping_status":"open","sticky":false,"template":"","format":"standard","meta":{"_mi_skip_tracking":false},"categories":[33],"tags":[],"_links":{"self":[{"href":"https:\/\/www.miguelfaccio.com.br\/blog\/index.php\/wp-json\/wp\/v2\/posts\/19163"}],"collection":[{"href":"https:\/\/www.miguelfaccio.com.br\/blog\/index.php\/wp-json\/wp\/v2\/posts"}],"about":[{"href":"https:\/\/www.miguelfaccio.com.br\/blog\/index.php\/wp-json\/wp\/v2\/types\/post"}],"author":[{"embeddable":true,"href":"https:\/\/www.miguelfaccio.com.br\/blog\/index.php\/wp-json\/wp\/v2\/users\/1"}],"replies":[{"embeddable":true,"href":"https:\/\/www.miguelfaccio.com.br\/blog\/index.php\/wp-json\/wp\/v2\/comments?post=19163"}],"version-history":[{"count":1,"href":"https:\/\/www.miguelfaccio.com.br\/blog\/index.php\/wp-json\/wp\/v2\/posts\/19163\/revisions"}],"predecessor-version":[{"id":19164,"href":"https:\/\/www.miguelfaccio.com.br\/blog\/index.php\/wp-json\/wp\/v2\/posts\/19163\/revisions\/19164"}],"wp:attachment":[{"href":"https:\/\/www.miguelfaccio.com.br\/blog\/index.php\/wp-json\/wp\/v2\/media?parent=19163"}],"wp:term":[{"taxonomy":"category","embeddable":true,"href":"https:\/\/www.miguelfaccio.com.br\/blog\/index.php\/wp-json\/wp\/v2\/categories?post=19163"},{"taxonomy":"post_tag","embeddable":true,"href":"https:\/\/www.miguelfaccio.com.br\/blog\/index.php\/wp-json\/wp\/v2\/tags?post=19163"}],"curies":[{"name":"wp","href":"https:\/\/api.w.org\/{rel}","templated":true}]}}