{"id":19161,"date":"2025-04-03T10:47:12","date_gmt":"2025-04-03T13:47:12","guid":{"rendered":"https:\/\/www.miguelfaccio.com.br\/blog\/?p=19161"},"modified":"2025-04-03T10:47:14","modified_gmt":"2025-04-03T13:47:14","slug":"rcd4007-raios-ou-chamas","status":"publish","type":"post","link":"https:\/\/www.miguelfaccio.com.br\/blog\/index.php\/rcd4007-raios-ou-chamas\/","title":{"rendered":"RCD4007 Raios ou Chamas"},"content":{"rendered":"\n<p class=\"has-text-align-right\"><strong>GUARDI\u00d5ES PLANET\u00c1RIOS VIOLETA\/MAGENTA <br>Por Natalia Alba<\/strong><\/p>\n\n\n\n<p>contiua\u00e7\u00e3o<\/p>\n\n\n\n<p>A alquimia da Terra que est\u00e1 acontecendo neste momento n\u00e3o \u00e9 nada parecida com o que j\u00e1 experimentamos, pois tudo est\u00e1 sendo transfigurado em uma ess\u00eancia mais iluminada e sendo transportado interdimensionalmente para uma nova dimens\u00e3o, pois todos n\u00f3s j\u00e1 temos nosso duplo residindo em linhas do tempo futuras, seja na forma de eus paralelos ou no que chamamos de nossos Guias, que \u00e0s vezes s\u00e3o parte de nossos eus futuros.<\/p>\n\n\n\n<p>Este \u00e9 um momento de grande integra\u00e7\u00e3o e dissolu\u00e7\u00e3o, pois n\u00f3s tamb\u00e9m coexistimos com a ascens\u00e3o f\u00edsica, vendo nossos corpos se transformando, nossos desafios pessoais e nossa miss\u00e3o planet\u00e1ria.<\/p>\n\n\n\n<p>Muitos de voc\u00eas ser\u00e3o guiados a se retirar o m\u00e1ximo poss\u00edvel das m\u00eddias sociais, de ambientes movimentados, onde a manipula\u00e7\u00e3o sonora \u00e9 imensa quando esses eventos planet\u00e1rios ocorrem, para distorcer suas frequ\u00eancias, bem como muitas outras transmiss\u00f5es n\u00e3o benevolentes que podem amea\u00e7ar, por assim dizer, seu campo pessoal e a frequ\u00eancia que voc\u00ea escolhe manter.<\/p>\n\n\n\n<p>Existem muitos seres benevolentes, como os Arcturianos e nossa Fam\u00edlia Aurora, entre muitos outros, auxiliando todos n\u00f3s nesta transfigura\u00e7\u00e3o.<\/p>\n\n\n\n<p>Quanto mais permanecermos em nosso espa\u00e7o sagrado, n\u00e3o ignorando o que est\u00e1 acontecendo ou negando, mas testemunhando com completa neutralidade divina, mais seremos capazes de manter uma frequ\u00eancia iluminada, espalhando-a para todos que est\u00e3o dispostos a entrar neste processo.<\/p>\n\n\n\n<p>Este \u00e9 um ano muito importante para nos desapegarmos de tudo o que est\u00e1 no passado, e o passado \u00e9 tudo anterior a este momento.<\/p>\n\n\n\n<p>Deste ano em diante, nada ser\u00e1 o mesmo em nossa realidade pessoal e planeta, pois temos trabalhado durante esta e muitas outras vidas anteriores para alcan\u00e7ar este salto planet\u00e1rio de consci\u00eancia.<\/p>\n\n\n\n<p>Obrigada por escolher fazer parte desta mudan\u00e7a.<\/p>\n\n\n\n<p>Obrigada por sua assist\u00eancia consciente \u00e0 nossa transi\u00e7\u00e3o e ascens\u00e3o planet\u00e1ria.<\/p>\n\n\n\n<p>Que voc\u00eas recebam tantas b\u00ean\u00e7\u00e3os quanto voc\u00eas derem, Amados.<\/p>\n\n\n\n<p>Dentro do Amor Infinito,<\/p>\n\n\n\n<p>~ Natalia Alba<\/p>\n\n\n\n<p>Formata\u00e7\u00e3o e tradu\u00e7\u00e3o \u2013 DE CORA\u00c7\u00c3O A CORA\u00c7\u00c3O<\/p>\n\n\n\n<figure class=\"wp-block-embed\"><div class=\"wp-block-embed__wrapper\">\nhttp:\/\/www.decoracaoacoracao.blog.br\/\n<\/div><\/figure>\n\n\n\n<figure class=\"wp-block-embed\"><div class=\"wp-block-embed__wrapper\">\nhttp:\/\/stelalecocq.blogspot.com\n<\/div><\/figure>\n\n\n\n<figure class=\"wp-block-embed\"><div class=\"wp-block-embed__wrapper\">\nhttps:\/\/lecocq.wordpress.com\n<\/div><\/figure>\n\n\n\n<p>Instagram \u2013 @blogdecoracaoacoracao<\/p>\n\n\n\n<p>Informa\u00e7\u00f5es e Agendamentos para Mesa Qu\u00e2ntica Estelar, Mesa Pet, Mesa Qu\u00e2ntica 2.0, Sistema Regenerador Ashtariano, Sistema Arcturiano de Cura Multidimensional \u2013 lecocqmuller@gmail.com<\/p>\n\n\n\n<p>E-book \u201cMensagens dos Mestres \u2013 De Cora\u00e7\u00e3o a Cora\u00e7\u00e3o\u201d \u2013 https:\/\/mensagensdosmestres.blogspot.com\/<\/p>\n\n\n\n<figure class=\"wp-block-embed\"><div class=\"wp-block-embed__wrapper\">\nhttps:\/\/www.nataliaalba.com\/\n<\/div><\/figure>\n\n\n\n<p>Respeite todos os cr\u00e9ditos ao compartilhar<\/p>\n\n\n\n<p>LUZ!<\/p>\n\n\n\n<p>STELA<\/p>\n","protected":false},"excerpt":{"rendered":"<p>GUARDI\u00d5ES PLANET\u00c1RIOS VIOLETA\/MAGENTA Por Natalia Alba contiua\u00e7\u00e3o A alquimia da Terra que est\u00e1 acontecendo neste momento n\u00e3o \u00e9 nada parecida com o que j\u00e1 experimentamos, pois tudo est\u00e1 sendo transfigurado em uma ess\u00eancia mais iluminada e sendo transportado interdimensionalmente para uma nova dimens\u00e3o, pois todos n\u00f3s j\u00e1 temos nosso duplo residindo em linhas do tempo [&hellip;]<\/p>\n","protected":false},"author":1,"featured_media":0,"comment_status":"open","ping_status":"open","sticky":false,"template":"","format":"standard","meta":{"_mi_skip_tracking":false},"categories":[3],"tags":[],"_links":{"self":[{"href":"https:\/\/www.miguelfaccio.com.br\/blog\/index.php\/wp-json\/wp\/v2\/posts\/19161"}],"collection":[{"href":"https:\/\/www.miguelfaccio.com.br\/blog\/index.php\/wp-json\/wp\/v2\/posts"}],"about":[{"href":"https:\/\/www.miguelfaccio.com.br\/blog\/index.php\/wp-json\/wp\/v2\/types\/post"}],"author":[{"embeddable":true,"href":"https:\/\/www.miguelfaccio.com.br\/blog\/index.php\/wp-json\/wp\/v2\/users\/1"}],"replies":[{"embeddable":true,"href":"https:\/\/www.miguelfaccio.com.br\/blog\/index.php\/wp-json\/wp\/v2\/comments?post=19161"}],"version-history":[{"count":1,"href":"https:\/\/www.miguelfaccio.com.br\/blog\/index.php\/wp-json\/wp\/v2\/posts\/19161\/revisions"}],"predecessor-version":[{"id":19162,"href":"https:\/\/www.miguelfaccio.com.br\/blog\/index.php\/wp-json\/wp\/v2\/posts\/19161\/revisions\/19162"}],"wp:attachment":[{"href":"https:\/\/www.miguelfaccio.com.br\/blog\/index.php\/wp-json\/wp\/v2\/media?parent=19161"}],"wp:term":[{"taxonomy":"category","embeddable":true,"href":"https:\/\/www.miguelfaccio.com.br\/blog\/index.php\/wp-json\/wp\/v2\/categories?post=19161"},{"taxonomy":"post_tag","embeddable":true,"href":"https:\/\/www.miguelfaccio.com.br\/blog\/index.php\/wp-json\/wp\/v2\/tags?post=19161"}],"curies":[{"name":"wp","href":"https:\/\/api.w.org\/{rel}","templated":true}]}}