{"id":19157,"date":"2025-04-02T09:54:33","date_gmt":"2025-04-02T12:54:33","guid":{"rendered":"https:\/\/www.miguelfaccio.com.br\/blog\/?p=19157"},"modified":"2025-04-02T09:54:35","modified_gmt":"2025-04-02T12:54:35","slug":"rcd4006-raios-ou-chamas","status":"publish","type":"post","link":"https:\/\/www.miguelfaccio.com.br\/blog\/index.php\/rcd4006-raios-ou-chamas\/","title":{"rendered":"RCD4006 Raios ou Chamas"},"content":{"rendered":"\n<p class=\"has-text-align-right\"><strong>GUARDI\u00d5ES PLANET\u00c1RIOS VIOLETA\/MAGENTA <br>Por Natalia Alba<\/strong><\/p>\n\n\n\n<p>28 de mar\u00e7o de 2025<\/p>\n\n\n\n<p>Amados,<\/p>\n\n\n\n<p>Como Guardi\u00f5es dos Raios Violeta e Rosa, muitos de voc\u00eas est\u00e3o agora auxiliando o planeta na transfigura\u00e7\u00e3o Solar que est\u00e1 ocorrendo, assim como dentro de muitos de n\u00f3s, sendo agora acelerada pelo eclipse Solar em \u00c1ries.<\/p>\n\n\n\n<p>Um dos prop\u00f3sitos planet\u00e1rios do eclipse de \u00c1ries \u00e9 trazer mais transmuta\u00e7\u00e3o para estruturas antigas e restaurar sua pureza e modelo original. Muitos de voc\u00eas est\u00e3o agora em comunh\u00e3o com seus espa\u00e7os sagrados, ajudando a mudar todas as inser\u00e7\u00f5es planet\u00e1rias de dualidade com as n\u00e3o-dualistas.<\/p>\n\n\n\n<p>Como transmutadores da Terra, mantendo o espectro Violeta da S\u00e9tima Dimens\u00e3o, e como Guardi\u00f5es Magenta Harm\u00f4nicos, como parte de sua assinatura \u00fanica e codifica\u00e7\u00e3o de alma, a maioria de voc\u00eas deve trazer harmoniza\u00e7\u00e3o e transmuta\u00e7\u00e3o ao primeiro chakra da Terra, que n\u00e3o \u00e9 o local designado, como os Guias reiteram frequentemente, mas o chakra da Terra em si, que compreende rochas, \u00e1rvores, montanhas e os elementais.<\/p>\n\n\n\n<p>Parte de sua miss\u00e3o tamb\u00e9m envolve transmutar o medo coletivo, que muitas vezes pode ser sentido como seu pr\u00f3prio medo se limpezas di\u00e1rias n\u00e3o forem feitas.<\/p>\n\n\n\n<p>Desapegar-se das distra\u00e7\u00f5es 3D, especialmente aquelas projetadas para prender a consci\u00eancia, \u00e9 vital para aqueles cujo papel principal \u00e9 agir como purificadores e estabilizadores da Terra; caso contr\u00e1rio, sua energia ser\u00e1 comprometida.<\/p>\n\n\n\n<p>Muitos de voc\u00eas agora est\u00e3o mantendo esta frequ\u00eancia Rosa\/Violeta para ajudar a ancorar mais cura e restaura\u00e7\u00e3o em sua \u00e1rea ou em novos locais para os quais voc\u00ea \u00e9 guiado.<\/p>\n\n\n\n<p>continua<\/p>\n","protected":false},"excerpt":{"rendered":"<p>GUARDI\u00d5ES PLANET\u00c1RIOS VIOLETA\/MAGENTA Por Natalia Alba 28 de mar\u00e7o de 2025 Amados, Como Guardi\u00f5es dos Raios Violeta e Rosa, muitos de voc\u00eas est\u00e3o agora auxiliando o planeta na transfigura\u00e7\u00e3o Solar que est\u00e1 ocorrendo, assim como dentro de muitos de n\u00f3s, sendo agora acelerada pelo eclipse Solar em \u00c1ries. Um dos prop\u00f3sitos planet\u00e1rios do eclipse de [&hellip;]<\/p>\n","protected":false},"author":1,"featured_media":0,"comment_status":"open","ping_status":"open","sticky":false,"template":"","format":"standard","meta":{"_mi_skip_tracking":false},"categories":[3],"tags":[],"_links":{"self":[{"href":"https:\/\/www.miguelfaccio.com.br\/blog\/index.php\/wp-json\/wp\/v2\/posts\/19157"}],"collection":[{"href":"https:\/\/www.miguelfaccio.com.br\/blog\/index.php\/wp-json\/wp\/v2\/posts"}],"about":[{"href":"https:\/\/www.miguelfaccio.com.br\/blog\/index.php\/wp-json\/wp\/v2\/types\/post"}],"author":[{"embeddable":true,"href":"https:\/\/www.miguelfaccio.com.br\/blog\/index.php\/wp-json\/wp\/v2\/users\/1"}],"replies":[{"embeddable":true,"href":"https:\/\/www.miguelfaccio.com.br\/blog\/index.php\/wp-json\/wp\/v2\/comments?post=19157"}],"version-history":[{"count":1,"href":"https:\/\/www.miguelfaccio.com.br\/blog\/index.php\/wp-json\/wp\/v2\/posts\/19157\/revisions"}],"predecessor-version":[{"id":19158,"href":"https:\/\/www.miguelfaccio.com.br\/blog\/index.php\/wp-json\/wp\/v2\/posts\/19157\/revisions\/19158"}],"wp:attachment":[{"href":"https:\/\/www.miguelfaccio.com.br\/blog\/index.php\/wp-json\/wp\/v2\/media?parent=19157"}],"wp:term":[{"taxonomy":"category","embeddable":true,"href":"https:\/\/www.miguelfaccio.com.br\/blog\/index.php\/wp-json\/wp\/v2\/categories?post=19157"},{"taxonomy":"post_tag","embeddable":true,"href":"https:\/\/www.miguelfaccio.com.br\/blog\/index.php\/wp-json\/wp\/v2\/tags?post=19157"}],"curies":[{"name":"wp","href":"https:\/\/api.w.org\/{rel}","templated":true}]}}