{"id":19151,"date":"2025-04-01T09:27:21","date_gmt":"2025-04-01T12:27:21","guid":{"rendered":"https:\/\/www.miguelfaccio.com.br\/blog\/?p=19151"},"modified":"2025-04-01T09:27:23","modified_gmt":"2025-04-01T12:27:23","slug":"plv4056-livro-27-diario-22-10-2022","status":"publish","type":"post","link":"https:\/\/www.miguelfaccio.com.br\/blog\/index.php\/plv4056-livro-27-diario-22-10-2022\/","title":{"rendered":"PLV4056 \u2013 Livro 27 \u2013 Di\u00e1rio, 22\/10\/2022"},"content":{"rendered":"\n<p class=\"has-text-align-right\"><strong>22\/10\/2022<\/strong><\/p>\n\n\n\n<p>O tr\u00e2nsito pela evolu\u00e7\u00e3o sempre est\u00e1 ligado ao tr\u00e2nsito pelo corpo f\u00edsico. O esp\u00edrito somente consegue evoluir dentro de um corpo f\u00edsico, pois \u00e9 l\u00e1 que ele vai experienciar o conhecimento. O conhecimento n\u00e3o cai na cabe\u00e7a de ningu\u00e9m, ele j\u00e1 est\u00e1 no DNA de cada ser, mas. para que ele se torne uma causa e consequ\u00eancia da evolu\u00e7\u00e3o, precisa ser experienciado, e quem far\u00e1 isso \u00e9 seu cavalo de batalha, seu corpo f\u00edsico, seu instrumento pelo qual conseguir\u00e1 entender e fixar em seu consciente aquilo que foi experienciado, transformando-se em evolu\u00e7\u00e3o. O que precisamos, especialmente o corpo f\u00edsico, \u00e9 conscientizar-se de que \u00e9 algo mais que esse ser cheio de vontades, mimos, quereres, exig\u00eancias, mesclando tudo com um pouco de insanidade. A forma como a maioria da juventude e pessoas de meia-idade est\u00e3o desligadas da realidade da vida \u00e9 uma coisa fora de qualquer par\u00e2metro poss\u00edvel. S\u00e3o seres que, como se diz na minha terra, \u201cn\u00e3o fedem e nem cheiram\u201d, s\u00e3o morenos, insossos, sua l\u00f3gica, ent\u00e3o, \u00e9 bordada de repetir frases feitas, repletas de mentiras e inverdades. Do que diz, pouco pode ser comprovado na realidade. Estes s\u00e3o p\u00e9ssimos instrumentos para seus esp\u00edritos. O esp\u00edrito desce \u00e0 terra para evoluir e seu instrumento se torna o mais fiel seguidor das sombras. Essa forma de pensar e de agir precisa urgentemente receber uma lavagem cerebral com detergente, porque simples palavras n\u00e3o conseguem penetrar o escudo que formou em seu consciente, que impede que outras formas de pensar possam invadir seus redutos.<\/p>\n","protected":false},"excerpt":{"rendered":"<p>22\/10\/2022 O tr\u00e2nsito pela evolu\u00e7\u00e3o sempre est\u00e1 ligado ao tr\u00e2nsito pelo corpo f\u00edsico. O esp\u00edrito somente consegue evoluir dentro de um corpo f\u00edsico, pois \u00e9 l\u00e1 que ele vai experienciar o conhecimento. O conhecimento n\u00e3o cai na cabe\u00e7a de ningu\u00e9m, ele j\u00e1 est\u00e1 no DNA de cada ser, mas. para que ele se torne uma [&hellip;]<\/p>\n","protected":false},"author":1,"featured_media":0,"comment_status":"open","ping_status":"open","sticky":false,"template":"","format":"standard","meta":{"_mi_skip_tracking":false},"categories":[33],"tags":[],"_links":{"self":[{"href":"https:\/\/www.miguelfaccio.com.br\/blog\/index.php\/wp-json\/wp\/v2\/posts\/19151"}],"collection":[{"href":"https:\/\/www.miguelfaccio.com.br\/blog\/index.php\/wp-json\/wp\/v2\/posts"}],"about":[{"href":"https:\/\/www.miguelfaccio.com.br\/blog\/index.php\/wp-json\/wp\/v2\/types\/post"}],"author":[{"embeddable":true,"href":"https:\/\/www.miguelfaccio.com.br\/blog\/index.php\/wp-json\/wp\/v2\/users\/1"}],"replies":[{"embeddable":true,"href":"https:\/\/www.miguelfaccio.com.br\/blog\/index.php\/wp-json\/wp\/v2\/comments?post=19151"}],"version-history":[{"count":1,"href":"https:\/\/www.miguelfaccio.com.br\/blog\/index.php\/wp-json\/wp\/v2\/posts\/19151\/revisions"}],"predecessor-version":[{"id":19152,"href":"https:\/\/www.miguelfaccio.com.br\/blog\/index.php\/wp-json\/wp\/v2\/posts\/19151\/revisions\/19152"}],"wp:attachment":[{"href":"https:\/\/www.miguelfaccio.com.br\/blog\/index.php\/wp-json\/wp\/v2\/media?parent=19151"}],"wp:term":[{"taxonomy":"category","embeddable":true,"href":"https:\/\/www.miguelfaccio.com.br\/blog\/index.php\/wp-json\/wp\/v2\/categories?post=19151"},{"taxonomy":"post_tag","embeddable":true,"href":"https:\/\/www.miguelfaccio.com.br\/blog\/index.php\/wp-json\/wp\/v2\/tags?post=19151"}],"curies":[{"name":"wp","href":"https:\/\/api.w.org\/{rel}","templated":true}]}}