{"id":19147,"date":"2025-03-31T09:42:57","date_gmt":"2025-03-31T12:42:57","guid":{"rendered":"https:\/\/www.miguelfaccio.com.br\/blog\/?p=19147"},"modified":"2025-03-31T09:42:59","modified_gmt":"2025-03-31T12:42:59","slug":"plv4055-livro-27-diario-21-10-2022","status":"publish","type":"post","link":"https:\/\/www.miguelfaccio.com.br\/blog\/index.php\/plv4055-livro-27-diario-21-10-2022\/","title":{"rendered":"PLV4055 \u2013 Livro 27 \u2013 Di\u00e1rio, 21\/10\/2022"},"content":{"rendered":"\n<p class=\"has-text-align-right\"><strong>21\/10\/2022<\/strong><\/p>\n\n\n\n<p>Todos Somos convidados da festa do Pai, mas nem todos, ainda, convenceram-se de que, para participar da festa, precisa ter a veste nupcial. O sentido, aqui, n\u00e3o \u00e9 tanto a roupagem, mas o sentido espiritual da roupa. Digamos assim: quando formos individualizados de uma part\u00edcula Divina, n\u00e3o t\u00ednhamos roupa, isto \u00e9, energia consequente de pensamentos, de palavras e de obras. Com o tempo, essa energia foi se tornando parte de nosso pr\u00f3prio ser. Isto \u00e9, acrescemos, atrav\u00e9s de nossos pr\u00f3prios atos, outras energias sobre aquela criada pelo Deus Uno. Come\u00e7a, ent\u00e3o, a surgir nossa vestimenta energ\u00e9tica, criada e evolu\u00edda por nossa pr\u00f3pria iniciativa. Esta veste, para participar do festim do eterno, precisa demonstrar um \u201cquantum\u201d m\u00ednimo de luz, porque \u00e9 essa luz que determina nossa evolu\u00e7\u00e3o. Essa luz \u00e9 que abrir\u00e1 as portas do c\u00e9u para nossa entrada. Isso, propriamente, em todo o universo, mas especialmente naqueles planetas ainda na terceira dimens\u00e3o, onde o criar e o resgatar imperam. O pensamento cria continuamente, o que se precisa \u00e9 domin\u00e1-lo para que n\u00e3o crie tanta coisa que precisar\u00e3o ser resgatados posteriormente, que s\u00e3o as causas dos carmas. O ser humano precisa conscientizar-se desse seu poder que o iguala a Deus, mas precisa ter sobre ele um pouco de controle, evitando que suas cria\u00e7\u00f5es n\u00e3o se tornem consequ\u00eancias de resgates que precisa posteriormente fazer. Em s\u00edntese, para a entrada na festa do Pai, o esp\u00edrito precisa estar alvo como quando saiu de seu pensamento.<\/p>\n","protected":false},"excerpt":{"rendered":"<p>21\/10\/2022 Todos Somos convidados da festa do Pai, mas nem todos, ainda, convenceram-se de que, para participar da festa, precisa ter a veste nupcial. O sentido, aqui, n\u00e3o \u00e9 tanto a roupagem, mas o sentido espiritual da roupa. Digamos assim: quando formos individualizados de uma part\u00edcula Divina, n\u00e3o t\u00ednhamos roupa, isto \u00e9, energia consequente de [&hellip;]<\/p>\n","protected":false},"author":1,"featured_media":0,"comment_status":"open","ping_status":"open","sticky":false,"template":"","format":"standard","meta":{"_mi_skip_tracking":false},"categories":[33],"tags":[],"_links":{"self":[{"href":"https:\/\/www.miguelfaccio.com.br\/blog\/index.php\/wp-json\/wp\/v2\/posts\/19147"}],"collection":[{"href":"https:\/\/www.miguelfaccio.com.br\/blog\/index.php\/wp-json\/wp\/v2\/posts"}],"about":[{"href":"https:\/\/www.miguelfaccio.com.br\/blog\/index.php\/wp-json\/wp\/v2\/types\/post"}],"author":[{"embeddable":true,"href":"https:\/\/www.miguelfaccio.com.br\/blog\/index.php\/wp-json\/wp\/v2\/users\/1"}],"replies":[{"embeddable":true,"href":"https:\/\/www.miguelfaccio.com.br\/blog\/index.php\/wp-json\/wp\/v2\/comments?post=19147"}],"version-history":[{"count":1,"href":"https:\/\/www.miguelfaccio.com.br\/blog\/index.php\/wp-json\/wp\/v2\/posts\/19147\/revisions"}],"predecessor-version":[{"id":19148,"href":"https:\/\/www.miguelfaccio.com.br\/blog\/index.php\/wp-json\/wp\/v2\/posts\/19147\/revisions\/19148"}],"wp:attachment":[{"href":"https:\/\/www.miguelfaccio.com.br\/blog\/index.php\/wp-json\/wp\/v2\/media?parent=19147"}],"wp:term":[{"taxonomy":"category","embeddable":true,"href":"https:\/\/www.miguelfaccio.com.br\/blog\/index.php\/wp-json\/wp\/v2\/categories?post=19147"},{"taxonomy":"post_tag","embeddable":true,"href":"https:\/\/www.miguelfaccio.com.br\/blog\/index.php\/wp-json\/wp\/v2\/tags?post=19147"}],"curies":[{"name":"wp","href":"https:\/\/api.w.org\/{rel}","templated":true}]}}