{"id":19144,"date":"2025-03-30T09:00:08","date_gmt":"2025-03-30T12:00:08","guid":{"rendered":"https:\/\/www.miguelfaccio.com.br\/blog\/?p=19144"},"modified":"2025-03-30T09:00:12","modified_gmt":"2025-03-30T12:00:12","slug":"rcd4003-raios-ou-chamas","status":"publish","type":"post","link":"https:\/\/www.miguelfaccio.com.br\/blog\/index.php\/rcd4003-raios-ou-chamas\/","title":{"rendered":"RCD4003 Raios ou Chamas"},"content":{"rendered":"\n<p class=\"has-text-align-right\"><strong>Kuthumi <br>Atrav\u00e9s de Lynette Leckie-Clark<\/strong><\/p>\n\n\n\n<p>DESENVOLVIMENTO DA ALMA<\/p>\n\n\n\n<p>29 de Mar\u00e7o de 2025<\/p>\n\n\n\n<p>\u00c0 medida que nos aproximamos do final do m\u00eas transformador de Mar\u00e7o, percebemos que estamos quase no final do trimestre de um ano de avan\u00e7os, desafios e recompensas da Alma.<\/p>\n\n\n\n<p>No momento em que escrevo, estamos entre Eclipses. N\u00f3s vivenciamos o Eclipse Lunar nas energias de Virgem \u2013 relacionamentos, cura e toda a comunica\u00e7\u00e3o. A lua sendo feminina, refletiu muito sobre compaix\u00e3o e amor por qualquer coisa ou pessoa. Mas espere\u2026 h\u00e1 mais.<\/p>\n\n\n\n<p>No dia 20, celebramos o Solst\u00edcio de Outono (hemisf\u00e9rio sul) e o Solst\u00edcio de primavera (hemisf\u00e9rio Norte). Os antigos notavam e celebravam o tempo do Solst\u00edcio com v\u00e1rios rituais. Resumidamente, no hemisf\u00e9rio sul \u00e9 um momento para fazer uma pausa e refletir sobre sua vida, seus planos e objetivos.<\/p>\n\n\n\n<p>Voc\u00ea est\u00e1 no caminho certo? \u00c9 tamb\u00e9m um momento para agradecer por tudo que voc\u00ea recebe em sua vida, incluindo a Terra, o c\u00e9u e a natureza. Afinal, o melhor da vida n\u00e3o \u00e9 de gra\u00e7a?<\/p>\n\n\n\n<p>No hemisf\u00e9rio Norte da primavera, trata-se de novos planos, novo crescimento, renova\u00e7\u00e3o da conex\u00e3o da sua Alma. Cura e avan\u00e7o ousado, talvez em um caminho de aprendizado mais profundo da Alma.<\/p>\n\n\n\n<p>No dia 29 de Mar\u00e7o, vivenciaremos um Eclipse Solar no signo de \u00c1ries. Hummm\u2026 \u00c1ries, o guerreiro, mas tamb\u00e9m o signo de a\u00e7\u00e3o do zod\u00edaco. Novos planos, novas aventuras aguardam. Claro que o Solar representa as energias masculinas dos Eclipses.<\/p>\n\n\n\n<p>Toda a energia do Eclipse permanecer\u00e1 at\u00e9 a pr\u00f3xima s\u00e9rie de Eclipses em 8 de Setembro em Peixes e 21 de Setembro em Virgem. Mas h\u00e1 mais\u2026 o planeta Netuno se move para o signo de \u00c1ries em 30 de Mar\u00e7o, um dia ap\u00f3s o Eclipse Solar.<\/p>\n\n\n\n<p>Netuno n\u00e3o visita \u00c1ries desde 1861. Esta \u00e9 a primeira das grandes mudan\u00e7as planet\u00e1rias ao longo de 2025! Que m\u00eas de mudan\u00e7as Mar\u00e7o est\u00e1 se tornando! Para mim, todas as maravilhosas energias c\u00f3smicas est\u00e3o nos ajudando a deixar ir e realmente nos fundir com nossa Alma.<\/p>\n\n\n\n<p>Se voc\u00ea fez o trabalho, n\u00e3o tem problema, se n\u00e3o, voc\u00ea ser\u00e1 encorajado \u2013 gentilmente ou chutando e gritando \u2013 a deixar o passado para tr\u00e1s e renovar sua frequ\u00eancia para n\u00edveis mais elevados.<\/p>\n\n\n\n<p>E\u2026 o querido Mestre Kuthumi falou sobre o desenvolvimento da Alma. Ah, voc\u00ea n\u00e3o ama a sincronicidade? Esta canaliza\u00e7\u00e3o foi feita antes de eu me sentar para escrever este boletim informativo. Ela d\u00e1 \u2018sinais\u2019 para voc\u00ea observar o seu caminho para a transforma\u00e7\u00e3o.<\/p>\n\n\n\n<p>Estamos enfrentando muitos desafios, ent\u00e3o sua orienta\u00e7\u00e3o agora \u00e9 preciosa.<\/p>\n\n\n\n<p>At\u00e9 a pr\u00f3xima vez, enviando Amor\/Luz,<\/p>\n\n\n\n<p>~ Mestre Kuthumi, Lynette e a Grande Irmandade Branca<\/p>\n\n\n\n<p>Formata\u00e7\u00e3o \u2013 DE CORA\u00c7\u00c3O A CORA\u00c7\u00c3O<\/p>\n\n\n\n<figure class=\"wp-block-embed\"><div class=\"wp-block-embed__wrapper\">\nhttp:\/\/www.decoracaoacoracao.blog.br\/\n<\/div><\/figure>\n\n\n\n<figure class=\"wp-block-embed\"><div class=\"wp-block-embed__wrapper\">\nhttp:\/\/stelalecocq.blogspot.com\n<\/div><\/figure>\n\n\n\n<figure class=\"wp-block-embed\"><div class=\"wp-block-embed__wrapper\">\nhttps:\/\/lecocq.wordpress.com\n<\/div><\/figure>\n\n\n\n<p>Instagram \u2013 @blogdecoracaoacoracao<\/p>\n\n\n\n<p>Informa\u00e7\u00f5es e Agendamentos para Mesa Qu\u00e2ntica Estelar, Mesa Pet, Mesa Qu\u00e2ntica 2.0, Florais de Bach, Sistema Regenerador Ashtariano, Sistema Arcturiano de Cura Multidimensional \u2013 lecocqmuller@gmail.com<\/p>\n\n\n\n<p>E-book \u201cMensagens dos Mestres \u2013 De Cora\u00e7\u00e3o a Cora\u00e7\u00e3o\u201d \u2013 https:\/\/mensagensdosmestres.blogspot.com\/<\/p>\n\n\n\n<figure class=\"wp-block-embed is-type-wp-embed is-provider-kuthumi-school-of-wisdom wp-block-embed-kuthumi-school-of-wisdom\"><div class=\"wp-block-embed__wrapper\">\n<blockquote class=\"wp-embedded-content\" data-secret=\"WucKQW4ddQ\"><a href=\"https:\/\/kuthumischool.com\/\">Home<\/a><\/blockquote><iframe class=\"wp-embedded-content\" sandbox=\"allow-scripts\" security=\"restricted\" style=\"position: absolute; clip: rect(1px, 1px, 1px, 1px);\" title=\"&#8220;Home&#8221; &#8212; Kuthumi School of Wisdom\" src=\"https:\/\/kuthumischool.com\/embed\/#?secret=cOVjQpdRAG#?secret=WucKQW4ddQ\" data-secret=\"WucKQW4ddQ\" width=\"600\" height=\"338\" frameborder=\"0\" marginwidth=\"0\" marginheight=\"0\" scrolling=\"no\"><\/iframe>\n<\/div><\/figure>\n\n\n\n<p>Tradu\u00e7\u00e3o: Regina Drumond \u2013 reginamadrumond@yahoo.com.br<\/p>\n\n\n\n<p>Respeite todos os cr\u00e9ditos ao compartilhar<\/p>\n\n\n\n<p>LUZ!<\/p>\n\n\n\n<p>STELA<\/p>\n","protected":false},"excerpt":{"rendered":"<p>Kuthumi Atrav\u00e9s de Lynette Leckie-Clark DESENVOLVIMENTO DA ALMA 29 de Mar\u00e7o de 2025 \u00c0 medida que nos aproximamos do final do m\u00eas transformador de Mar\u00e7o, percebemos que estamos quase no final do trimestre de um ano de avan\u00e7os, desafios e recompensas da Alma. No momento em que escrevo, estamos entre Eclipses. N\u00f3s vivenciamos o Eclipse [&hellip;]<\/p>\n","protected":false},"author":1,"featured_media":0,"comment_status":"open","ping_status":"open","sticky":false,"template":"","format":"standard","meta":{"_mi_skip_tracking":false},"categories":[3],"tags":[],"_links":{"self":[{"href":"https:\/\/www.miguelfaccio.com.br\/blog\/index.php\/wp-json\/wp\/v2\/posts\/19144"}],"collection":[{"href":"https:\/\/www.miguelfaccio.com.br\/blog\/index.php\/wp-json\/wp\/v2\/posts"}],"about":[{"href":"https:\/\/www.miguelfaccio.com.br\/blog\/index.php\/wp-json\/wp\/v2\/types\/post"}],"author":[{"embeddable":true,"href":"https:\/\/www.miguelfaccio.com.br\/blog\/index.php\/wp-json\/wp\/v2\/users\/1"}],"replies":[{"embeddable":true,"href":"https:\/\/www.miguelfaccio.com.br\/blog\/index.php\/wp-json\/wp\/v2\/comments?post=19144"}],"version-history":[{"count":1,"href":"https:\/\/www.miguelfaccio.com.br\/blog\/index.php\/wp-json\/wp\/v2\/posts\/19144\/revisions"}],"predecessor-version":[{"id":19145,"href":"https:\/\/www.miguelfaccio.com.br\/blog\/index.php\/wp-json\/wp\/v2\/posts\/19144\/revisions\/19145"}],"wp:attachment":[{"href":"https:\/\/www.miguelfaccio.com.br\/blog\/index.php\/wp-json\/wp\/v2\/media?parent=19144"}],"wp:term":[{"taxonomy":"category","embeddable":true,"href":"https:\/\/www.miguelfaccio.com.br\/blog\/index.php\/wp-json\/wp\/v2\/categories?post=19144"},{"taxonomy":"post_tag","embeddable":true,"href":"https:\/\/www.miguelfaccio.com.br\/blog\/index.php\/wp-json\/wp\/v2\/tags?post=19144"}],"curies":[{"name":"wp","href":"https:\/\/api.w.org\/{rel}","templated":true}]}}