{"id":19142,"date":"2025-03-30T08:55:10","date_gmt":"2025-03-30T11:55:10","guid":{"rendered":"https:\/\/www.miguelfaccio.com.br\/blog\/?p=19142"},"modified":"2025-03-30T08:55:12","modified_gmt":"2025-03-30T11:55:12","slug":"plv4054-livro-27-diario-20-10-2022","status":"publish","type":"post","link":"https:\/\/www.miguelfaccio.com.br\/blog\/index.php\/plv4054-livro-27-diario-20-10-2022\/","title":{"rendered":"PLV4054 \u2013 Livro 27 \u2013 Di\u00e1rio, 20\/10\/2022"},"content":{"rendered":"\n<p class=\"has-text-align-right\"><strong>20\/10\/2022<\/strong><\/p>\n\n\n\n<p>N\u00e3o percebemos, ainda, que, como qualquer vegetal, animal ou o pr\u00f3prio ser humano, o universo cresce. Estamos demasiadamente envolvidos com nosso ego a ponto de n\u00e3o conseguirmos levantar a cabe\u00e7a para ver e sentir aquilo que gira ao nosso redor. \u00c9 preciso que o ser humano se desligue um pouco de si mesmo e tente mergulhar naquilo que o rodeia, ent\u00e3o, ver\u00e1 que \u00e9 uma pequena part\u00edcula, tentando evoluir, de um conjunto maior que o universo que est\u00e1 fluindo, se criando e recriando, vivendo sua totalidade e experienciando tudo aquilo que abre seus olhos para o tamanho daquilo que somos em nossa pequenez. Tal qual um \u00e1tomo em um corpo qualquer. Seu infinitesimal tamanho faz parte daquele corpo, vibra com ele, se desloca com ele, cresce com ele. Precisamos abrir os olhos para a vida. A vida n\u00e3o \u00e9 s\u00f3 aquilo que achamos, que muitas vezes n\u00e3o condiz com a realidade, mas uma energia que est\u00e1 contida por algum ou alguns el\u00e9trons girando em torno de um n\u00facleo, a energia que prende, que congrega, que estabelece a exist\u00eancia daquele \u00e1tomo. Esta \u00e9 a vida. Retire essa energia daquele \u00e1tomo e ver\u00e1 o que acontece. Ele volta ao informe, volta ao que era antes de formar aquele \u00e1tomo, quando n\u00e3o volta ao solo central para l\u00e1 ser repolarizado e participar novamente de algum outro \u00e1tomo. A mat\u00e9ria por mat\u00e9ria n\u00e3o existiria sem a participa\u00e7\u00e3o dessa energia, dessa vida que d\u00e1 a exist\u00eancia a todas as coisas. Abra a mente para aquilo que teus olhos f\u00edsicos n\u00e3o s\u00e3o capazes de perceber, mas os olhos da alma, quando se d\u00e1 a ela a oportunidade, ela mostra muito bem as coisas.<\/p>\n","protected":false},"excerpt":{"rendered":"<p>20\/10\/2022 N\u00e3o percebemos, ainda, que, como qualquer vegetal, animal ou o pr\u00f3prio ser humano, o universo cresce. Estamos demasiadamente envolvidos com nosso ego a ponto de n\u00e3o conseguirmos levantar a cabe\u00e7a para ver e sentir aquilo que gira ao nosso redor. \u00c9 preciso que o ser humano se desligue um pouco de si mesmo e [&hellip;]<\/p>\n","protected":false},"author":1,"featured_media":0,"comment_status":"open","ping_status":"open","sticky":false,"template":"","format":"standard","meta":{"_mi_skip_tracking":false},"categories":[33],"tags":[],"_links":{"self":[{"href":"https:\/\/www.miguelfaccio.com.br\/blog\/index.php\/wp-json\/wp\/v2\/posts\/19142"}],"collection":[{"href":"https:\/\/www.miguelfaccio.com.br\/blog\/index.php\/wp-json\/wp\/v2\/posts"}],"about":[{"href":"https:\/\/www.miguelfaccio.com.br\/blog\/index.php\/wp-json\/wp\/v2\/types\/post"}],"author":[{"embeddable":true,"href":"https:\/\/www.miguelfaccio.com.br\/blog\/index.php\/wp-json\/wp\/v2\/users\/1"}],"replies":[{"embeddable":true,"href":"https:\/\/www.miguelfaccio.com.br\/blog\/index.php\/wp-json\/wp\/v2\/comments?post=19142"}],"version-history":[{"count":1,"href":"https:\/\/www.miguelfaccio.com.br\/blog\/index.php\/wp-json\/wp\/v2\/posts\/19142\/revisions"}],"predecessor-version":[{"id":19143,"href":"https:\/\/www.miguelfaccio.com.br\/blog\/index.php\/wp-json\/wp\/v2\/posts\/19142\/revisions\/19143"}],"wp:attachment":[{"href":"https:\/\/www.miguelfaccio.com.br\/blog\/index.php\/wp-json\/wp\/v2\/media?parent=19142"}],"wp:term":[{"taxonomy":"category","embeddable":true,"href":"https:\/\/www.miguelfaccio.com.br\/blog\/index.php\/wp-json\/wp\/v2\/categories?post=19142"},{"taxonomy":"post_tag","embeddable":true,"href":"https:\/\/www.miguelfaccio.com.br\/blog\/index.php\/wp-json\/wp\/v2\/tags?post=19142"}],"curies":[{"name":"wp","href":"https:\/\/api.w.org\/{rel}","templated":true}]}}