{"id":19139,"date":"2025-03-29T09:41:51","date_gmt":"2025-03-29T12:41:51","guid":{"rendered":"https:\/\/www.miguelfaccio.com.br\/blog\/?p=19139"},"modified":"2025-03-29T09:41:54","modified_gmt":"2025-03-29T12:41:54","slug":"rcd4002-raios-ou-chamas","status":"publish","type":"post","link":"https:\/\/www.miguelfaccio.com.br\/blog\/index.php\/rcd4002-raios-ou-chamas\/","title":{"rendered":"RCD4002 Raios ou Chamas"},"content":{"rendered":"\n<p class=\"has-text-align-right\"><strong>KRYON <br>Atrav\u00e9s de Lee Carroll<\/strong><\/p>\n\n\n\n<p>CONECTE-SE COM O ESP\u00cdRITO<\/p>\n\n\n\n<p>Trecho de uma canaliza\u00e7\u00e3o ao Vivo<\/p>\n\n\n\n<p>20 de Mar\u00e7o de 2025<\/p>\n\n\n\n<p>Sauda\u00e7\u00f5es,<\/p>\n\n\n\n<p>Trabalhadores da Luz, ou\u00e7am: o Esp\u00edrito conhece voc\u00eas muito bem, n\u00e3o importa quantos de voc\u00eas estejam neste grupo ou ouvindo estas palavras, e eu quero que saibam que h\u00e1 um padr\u00e3o personalizado para cada um de voc\u00eas para ajud\u00e1-los a abandonar o medo e a controlar a sua biologia.<\/p>\n\n\n\n<p>Todas essas coisas t\u00eam o seu nome nelas. O que isso significa \u00e9 que esse processo n\u00e3o \u00e9 uma experi\u00eancia gen\u00e9rica de \u201ctomar uma p\u00edlula\u201d.<\/p>\n\n\n\n<p>\u00c9 personalizado para sua pr\u00f3pria consci\u00eancia e energia. Tudo isso acontece por meio da comunica\u00e7\u00e3o.<\/p>\n\n\n\n<p>N\u00e3o \u00e9 demais para o Esp\u00edrito ouvir milh\u00f5es ao mesmo tempo!<\/p>\n\n\n\n<p>Essa \u00e9 a energia espetacular da consci\u00eancia de Deus.<\/p>\n\n\n\n<p>Mas tamb\u00e9m \u00e9 poss\u00edvel para o Esp\u00edrito trabalhar individualmente com milh\u00f5es ao mesmo tempo para uma solu\u00e7\u00e3o e criar sincronicidade que esteja fora da \u201csorte\u201d e do que voc\u00ea acha que \u00e9 poss\u00edvel.<\/p>\n\n\n\n<p>N\u00e3o limite o que voc\u00ea acha que \u00e9 poss\u00edvel s\u00f3 porque voc\u00ea n\u00e3o acredita que est\u00e1 em contato em um alto grau. Voc\u00ea est\u00e1. Esse \u00e9 o convite. O convite \u00e9 come\u00e7ar a entender tudo isso.<\/p>\n\n\n\n<p>Se voc\u00ea acha que Deus est\u00e1 muito longe para ouvi-lo, haver\u00e1 um problema. Esse \u00e9 Deus em uma caixa humana. No entanto, se voc\u00ea acha que pode sussurrar e ser ouvido e amado pela eterna Fonte criativa, ent\u00e3o voc\u00ea est\u00e1 no caminho certo.<\/p>\n\n\n\n<p>Veja, n\u00e3o \u00e9 linear, \u00e9? N\u00e3o \u00e9 a f\u00edsica que lhe ensinaram, \u00e9? N\u00e3o \u00e9 a doutrina da espiritualidade na Terra que lhe ensinaram, \u00e9?<\/p>\n\n\n\n<p>E se, apenas e se, Deus for maior do que qualquer coisa que lhe ensinaram?<\/p>\n\n\n\n<p>E se, apenas e se, eu estiver certo e voc\u00ea for realmente magn\u00edfico aos olhos de Deus?<\/p>\n\n\n\n<p>Voc\u00ea est\u00e1 entendendo isso? Pondere esta mensagem de uma forma que permita que a verdade apare\u00e7a para voc\u00ea individualmente e entenda que esta \u00e9 uma energia pessoal e personalizada apenas para sua vida.<\/p>\n\n\n\n<p>Esta \u00e9 a mensagem de Kryon e continuar\u00e1 a ser, do homem na cadeira.<\/p>\n\n\n\n<p>E assim \u00e9.<\/p>\n\n\n\n<p>~ Kryon<\/p>\n\n\n\n<p>Com Amor e Luz,<\/p>\n\n\n\n<p>A Equipe Master de Kryon<\/p>\n\n\n\n<p>Formata\u00e7\u00e3o \u2013 DE CORA\u00c7\u00c3O A CORA\u00c7\u00c3O<\/p>\n\n\n\n<figure class=\"wp-block-embed\"><div class=\"wp-block-embed__wrapper\">\nhttp:\/\/www.decoracaoacoracao.blog.br\/\n<\/div><\/figure>\n\n\n\n<figure class=\"wp-block-embed\"><div class=\"wp-block-embed__wrapper\">\nhttp:\/\/stelalecocq.blogspot.com\n<\/div><\/figure>\n\n\n\n<figure class=\"wp-block-embed\"><div class=\"wp-block-embed__wrapper\">\nhttps:\/\/lecocq.wordpress.com\n<\/div><\/figure>\n\n\n\n<p>Instagram \u2013 @blogdecoracaoacoracao<\/p>\n\n\n\n<p>Informa\u00e7\u00f5es e Agendamentos para Mesa Qu\u00e2ntica Estelar, Mesa Pet, Mesa Qu\u00e2ntica 2.0, Florais de Bach, Sistema Regenerador Ashtariano, Sistema Arcturiano de Cura Multidimensional \u2013 lecocqmuller@gmail.com<\/p>\n\n\n\n<p>E-book \u201cMensagens dos Mestres \u2013 De Cora\u00e7\u00e3o a Cora\u00e7\u00e3o\u201d \u2013 https:\/\/mensagensdosmestres.blogspot.com\/<\/p>\n\n\n\n<p>kryonmasters.com<\/p>\n\n\n\n<p>Tradu\u00e7\u00e3o: Regina Drumond \u2013 reginamadrumond@yahoo.com.br<\/p>\n\n\n\n<p>Respeite todos os cr\u00e9ditos ao compartilhar<\/p>\n\n\n\n<p>LUZ!<\/p>\n\n\n\n<p>STELA<\/p>\n","protected":false},"excerpt":{"rendered":"<p>KRYON Atrav\u00e9s de Lee Carroll CONECTE-SE COM O ESP\u00cdRITO Trecho de uma canaliza\u00e7\u00e3o ao Vivo 20 de Mar\u00e7o de 2025 Sauda\u00e7\u00f5es, Trabalhadores da Luz, ou\u00e7am: o Esp\u00edrito conhece voc\u00eas muito bem, n\u00e3o importa quantos de voc\u00eas estejam neste grupo ou ouvindo estas palavras, e eu quero que saibam que h\u00e1 um padr\u00e3o personalizado para cada [&hellip;]<\/p>\n","protected":false},"author":1,"featured_media":0,"comment_status":"open","ping_status":"open","sticky":false,"template":"","format":"standard","meta":{"_mi_skip_tracking":false},"categories":[3],"tags":[],"_links":{"self":[{"href":"https:\/\/www.miguelfaccio.com.br\/blog\/index.php\/wp-json\/wp\/v2\/posts\/19139"}],"collection":[{"href":"https:\/\/www.miguelfaccio.com.br\/blog\/index.php\/wp-json\/wp\/v2\/posts"}],"about":[{"href":"https:\/\/www.miguelfaccio.com.br\/blog\/index.php\/wp-json\/wp\/v2\/types\/post"}],"author":[{"embeddable":true,"href":"https:\/\/www.miguelfaccio.com.br\/blog\/index.php\/wp-json\/wp\/v2\/users\/1"}],"replies":[{"embeddable":true,"href":"https:\/\/www.miguelfaccio.com.br\/blog\/index.php\/wp-json\/wp\/v2\/comments?post=19139"}],"version-history":[{"count":1,"href":"https:\/\/www.miguelfaccio.com.br\/blog\/index.php\/wp-json\/wp\/v2\/posts\/19139\/revisions"}],"predecessor-version":[{"id":19140,"href":"https:\/\/www.miguelfaccio.com.br\/blog\/index.php\/wp-json\/wp\/v2\/posts\/19139\/revisions\/19140"}],"wp:attachment":[{"href":"https:\/\/www.miguelfaccio.com.br\/blog\/index.php\/wp-json\/wp\/v2\/media?parent=19139"}],"wp:term":[{"taxonomy":"category","embeddable":true,"href":"https:\/\/www.miguelfaccio.com.br\/blog\/index.php\/wp-json\/wp\/v2\/categories?post=19139"},{"taxonomy":"post_tag","embeddable":true,"href":"https:\/\/www.miguelfaccio.com.br\/blog\/index.php\/wp-json\/wp\/v2\/tags?post=19139"}],"curies":[{"name":"wp","href":"https:\/\/api.w.org\/{rel}","templated":true}]}}