{"id":19137,"date":"2025-03-29T09:39:36","date_gmt":"2025-03-29T12:39:36","guid":{"rendered":"https:\/\/www.miguelfaccio.com.br\/blog\/?p=19137"},"modified":"2025-03-29T09:39:38","modified_gmt":"2025-03-29T12:39:38","slug":"plv4053-livro-27-diario-19-10-2022","status":"publish","type":"post","link":"https:\/\/www.miguelfaccio.com.br\/blog\/index.php\/plv4053-livro-27-diario-19-10-2022\/","title":{"rendered":"PLV4053 \u2013 Livro 27 \u2013 Di\u00e1rio, 19\/10\/2022"},"content":{"rendered":"\n<p class=\"has-text-align-right\"><strong>19\/10\/2022<\/strong><\/p>\n\n\n\n<p>Enquanto n\u00e3o houver consci\u00eancia de nossa individualidade integral, n\u00e3o veremos que isto \u00e9 corpo (mat\u00e9ria) e esp\u00edrito (ess\u00eancia de Deus) e que assim se completa nosso agregado humano. Para podermos entender dentro de nossa totalidade, al\u00e9m dessa composi\u00e7\u00e3o, precisamos tamb\u00e9m conscientizar-nos de que o corpo, a mat\u00e9ria, \u00e9 transit\u00f3ria, mas o que h\u00e1 dentro da mat\u00e9ria, o esp\u00edrito, a ess\u00eancia de Deus \u00e9 eterna e veio aqui buscar na mat\u00e9ria, no corpo f\u00edsico, o que mais precisa para poder evoluir, que \u00e9 a experiencia\u00e7\u00e3o do conhecimento. Nada se consegue entender sem que se consiga experienciar os conhecimentos, que nos traduz intelectualmente uma realidade que ainda n\u00e3o est\u00e1 fixada no consciente do esp\u00edrito, ou mesmo do corpo. Alguma coisa se consegue entender intuitivamente, isso quando o esp\u00edrito j\u00e1 gabaritou esse entendimento, mas o corpo, geralmente, precisa come\u00e7ar no 1 + 1 = 2, ou b + a = ba. Quando o corpo consegue entender algo que n\u00e3o estudou, algo que n\u00e3o experienciou, \u00e9 porque conseguiu entender as intui\u00e7\u00f5es de seu esp\u00edrito. Para todos os efeitos, o esp\u00edrito \u00e9 criado na plena simplicidade e ignor\u00e2ncia e tudo precisa experienciar para poder se fixar em seu consciente. Isso somente poder\u00e1 fazer se encarnar em um corpo f\u00edsico, que \u00e9 onde consegue manipular a mat\u00e9ria. Precisa de muit\u00edssimas encarna\u00e7\u00f5es para, aos poucos, alcan\u00e7ar a evolu\u00e7\u00e3o espiritual, a mestria. A cada encarna\u00e7\u00e3o, ir\u00e1 evoluir um pouco, e somada a totalidade, pode alcan\u00e7ar a coroa de louros que o gabarita a criar e recriar o universo, que prontamente obedecer\u00e1 a seu pedido.<\/p>\n","protected":false},"excerpt":{"rendered":"<p>19\/10\/2022 Enquanto n\u00e3o houver consci\u00eancia de nossa individualidade integral, n\u00e3o veremos que isto \u00e9 corpo (mat\u00e9ria) e esp\u00edrito (ess\u00eancia de Deus) e que assim se completa nosso agregado humano. Para podermos entender dentro de nossa totalidade, al\u00e9m dessa composi\u00e7\u00e3o, precisamos tamb\u00e9m conscientizar-nos de que o corpo, a mat\u00e9ria, \u00e9 transit\u00f3ria, mas o que h\u00e1 dentro [&hellip;]<\/p>\n","protected":false},"author":1,"featured_media":0,"comment_status":"open","ping_status":"open","sticky":false,"template":"","format":"standard","meta":{"_mi_skip_tracking":false},"categories":[33],"tags":[],"_links":{"self":[{"href":"https:\/\/www.miguelfaccio.com.br\/blog\/index.php\/wp-json\/wp\/v2\/posts\/19137"}],"collection":[{"href":"https:\/\/www.miguelfaccio.com.br\/blog\/index.php\/wp-json\/wp\/v2\/posts"}],"about":[{"href":"https:\/\/www.miguelfaccio.com.br\/blog\/index.php\/wp-json\/wp\/v2\/types\/post"}],"author":[{"embeddable":true,"href":"https:\/\/www.miguelfaccio.com.br\/blog\/index.php\/wp-json\/wp\/v2\/users\/1"}],"replies":[{"embeddable":true,"href":"https:\/\/www.miguelfaccio.com.br\/blog\/index.php\/wp-json\/wp\/v2\/comments?post=19137"}],"version-history":[{"count":1,"href":"https:\/\/www.miguelfaccio.com.br\/blog\/index.php\/wp-json\/wp\/v2\/posts\/19137\/revisions"}],"predecessor-version":[{"id":19138,"href":"https:\/\/www.miguelfaccio.com.br\/blog\/index.php\/wp-json\/wp\/v2\/posts\/19137\/revisions\/19138"}],"wp:attachment":[{"href":"https:\/\/www.miguelfaccio.com.br\/blog\/index.php\/wp-json\/wp\/v2\/media?parent=19137"}],"wp:term":[{"taxonomy":"category","embeddable":true,"href":"https:\/\/www.miguelfaccio.com.br\/blog\/index.php\/wp-json\/wp\/v2\/categories?post=19137"},{"taxonomy":"post_tag","embeddable":true,"href":"https:\/\/www.miguelfaccio.com.br\/blog\/index.php\/wp-json\/wp\/v2\/tags?post=19137"}],"curies":[{"name":"wp","href":"https:\/\/api.w.org\/{rel}","templated":true}]}}