{"id":19133,"date":"2025-03-28T09:12:56","date_gmt":"2025-03-28T12:12:56","guid":{"rendered":"https:\/\/www.miguelfaccio.com.br\/blog\/?p=19133"},"modified":"2025-03-28T09:12:57","modified_gmt":"2025-03-28T12:12:57","slug":"plv4052-livro-27-diario-18-10-2022","status":"publish","type":"post","link":"https:\/\/www.miguelfaccio.com.br\/blog\/index.php\/plv4052-livro-27-diario-18-10-2022\/","title":{"rendered":"PLV4052 \u2013 Livro 27 \u2013 Di\u00e1rio, 18\/10\/2022"},"content":{"rendered":"\n<p class=\"has-text-align-right\"><strong>18\/10\/2022<\/strong><\/p>\n\n\n\n<p>Todos os aspectos da vida que cada um de n\u00f3s precisa viver se apresentam para nosso enfrentamento no seu devido tempo. N\u00e3o suportar\u00edamos se a totalidade deles se apresentassem sobre nossas costas. Seria como dar um saco de 60 kg de trigo para um menino de 6 anos carregar, pois isso sobrep\u00f5e todas as suas capacidades f\u00edsicas, e lhe seria imposs\u00edvel carreg\u00e1-lo. Se for dividido esse peso em parcelas de 3 a 4 kg, isso lhe seria totalmente vi\u00e1vel. Da mesma forma, o Pai sabe muito bem dosar nossas capacidades e p\u00f5e sobre nossos ombros aqueles aspectos que podemos e temos capacidade de suportar e vencer aqueles que s\u00e3o, digamos assim, o aguilh\u00e3o que nos empurra para a evolu\u00e7\u00e3o. N\u00e3o podemos esquecer que os conhecimentos que fazem parte desses aspectos est\u00e3o todos fixados em nosso DNA, que a ci\u00eancia dos homens s\u00f3 descobriu at\u00e9 agora uma composi\u00e7\u00e3o de duas h\u00e9lices. Mas, na realidade, nosso DNA possui doze h\u00e9lices que, por ora, ainda permanecem ocultas \u00e0s ci\u00eancias dos homens. H\u00e1 os aspectos que s\u00e3o estabelecidos pela lei divina e h\u00e1 os aspectos que s\u00e3o o resultado de a consequ\u00eancia de nossos pensamentos, nossas palavras e nossas obras, que n\u00e3o convergem para nossa evolu\u00e7\u00e3o, e, assim, tornam-se aspectos negativos que precisamos resgatar, atrav\u00e9s do carma ou atrav\u00e9s de sua queima com o Fogo da Chama Violeta. Este Fogo da Chama Violeta \u00e9 a energia Divina que est\u00e1 mais vigente nesta nossa Era de Aqu\u00e1rio, dirigida por Saint Germain, que \u00e9 o Regente desta era por um per\u00edodo de dois mil anos. Voc\u00ea comanda a energia Divina atrav\u00e9s de seus pensamentos, suas palavras e suas obras.<\/p>\n","protected":false},"excerpt":{"rendered":"<p>18\/10\/2022 Todos os aspectos da vida que cada um de n\u00f3s precisa viver se apresentam para nosso enfrentamento no seu devido tempo. N\u00e3o suportar\u00edamos se a totalidade deles se apresentassem sobre nossas costas. Seria como dar um saco de 60 kg de trigo para um menino de 6 anos carregar, pois isso sobrep\u00f5e todas as [&hellip;]<\/p>\n","protected":false},"author":1,"featured_media":0,"comment_status":"open","ping_status":"open","sticky":false,"template":"","format":"standard","meta":{"_mi_skip_tracking":false},"categories":[33],"tags":[],"_links":{"self":[{"href":"https:\/\/www.miguelfaccio.com.br\/blog\/index.php\/wp-json\/wp\/v2\/posts\/19133"}],"collection":[{"href":"https:\/\/www.miguelfaccio.com.br\/blog\/index.php\/wp-json\/wp\/v2\/posts"}],"about":[{"href":"https:\/\/www.miguelfaccio.com.br\/blog\/index.php\/wp-json\/wp\/v2\/types\/post"}],"author":[{"embeddable":true,"href":"https:\/\/www.miguelfaccio.com.br\/blog\/index.php\/wp-json\/wp\/v2\/users\/1"}],"replies":[{"embeddable":true,"href":"https:\/\/www.miguelfaccio.com.br\/blog\/index.php\/wp-json\/wp\/v2\/comments?post=19133"}],"version-history":[{"count":1,"href":"https:\/\/www.miguelfaccio.com.br\/blog\/index.php\/wp-json\/wp\/v2\/posts\/19133\/revisions"}],"predecessor-version":[{"id":19134,"href":"https:\/\/www.miguelfaccio.com.br\/blog\/index.php\/wp-json\/wp\/v2\/posts\/19133\/revisions\/19134"}],"wp:attachment":[{"href":"https:\/\/www.miguelfaccio.com.br\/blog\/index.php\/wp-json\/wp\/v2\/media?parent=19133"}],"wp:term":[{"taxonomy":"category","embeddable":true,"href":"https:\/\/www.miguelfaccio.com.br\/blog\/index.php\/wp-json\/wp\/v2\/categories?post=19133"},{"taxonomy":"post_tag","embeddable":true,"href":"https:\/\/www.miguelfaccio.com.br\/blog\/index.php\/wp-json\/wp\/v2\/tags?post=19133"}],"curies":[{"name":"wp","href":"https:\/\/api.w.org\/{rel}","templated":true}]}}