{"id":19129,"date":"2025-03-27T08:58:10","date_gmt":"2025-03-27T11:58:10","guid":{"rendered":"https:\/\/www.miguelfaccio.com.br\/blog\/?p=19129"},"modified":"2025-03-27T08:58:12","modified_gmt":"2025-03-27T11:58:12","slug":"plv4051-livro-27-diario-17-10-2022","status":"publish","type":"post","link":"https:\/\/www.miguelfaccio.com.br\/blog\/index.php\/plv4051-livro-27-diario-17-10-2022\/","title":{"rendered":"PLV4051 \u2013 Livro 27 \u2013 Di\u00e1rio, 17\/10\/2022"},"content":{"rendered":"\n<p class=\"has-text-align-right\"><strong>17\/10\/2022<\/strong><\/p>\n\n\n\n<p>O caminho sempre \u00e9 dif\u00edcil quando se est\u00e1 no in\u00edcio da caminhada. O peso do corpo, as pedras e os espinhos que l\u00e1 foram postas pelo pr\u00f3prio ser que nele est\u00e1, as cobras e lagartos que espreitam o seu caminhar, quando n\u00e3o \u00e9 um ser mais mortal, pelo desvio de conduta que houve em vidas f\u00edsicas passadas, surgidos de seus atos, suas palavras e seus pensamentos e agora se apresentam no seu caminhar, como que a cobrar a ousadia de sua cria\u00e7\u00e3o. \u00c9 isso que acontece a todo ser autoconsciente, criado para o Jardim do \u00c9den, mas que preferiu chafurdar nas atra\u00e7\u00f5es da mat\u00e9ria, esquecendo sua outra parte divina que comp\u00f5e seu corpo f\u00edsico. O corpo normalmente esquece sua dualidade mat\u00e9ria\/ess\u00eancia. A ele, \u00e9 vis\u00edvel, palp\u00e1vel e intelect\u00edvel somente as coisas f\u00edsicas. No entanto, sua ess\u00eancia, alma, esp\u00edrito ou \u00c1tman, como queiram chamar, \u00e9 que d\u00e1 a exist\u00eancia e a vida ao corpo que tem, mant\u00e9m as mir\u00edades de \u00e1tomos perfeitamente equilibrados para manter seu corpo f\u00edsico. Isso n\u00e3o se apresenta \u00e0 sua frente, mas est\u00e1 dentro de seu corpo, cuja sede \u00e9 o centro do cora\u00e7\u00e3o. Aqueles que n\u00e3o conseguem conectar-se com o centro de seu cora\u00e7\u00e3o sempre ter\u00e3o uma caminhada dif\u00edcil. Aquelas que j\u00e1 percebem, sentem dentro de si algo maior que aquilo que \u00e9 palp\u00e1vel, sua caminhada sempre vai sendo gradativamente facilitada, ao ponto de at\u00e9 possibilitar ao corpo f\u00edsico a biloca\u00e7\u00e3o, isto \u00e9 apresentar-se em v\u00e1rios locais ao mesmo tempo. Para chegar a isso, precisa o ser libertar-se de todas as perebas guardadas em seu corpo, de forma que ele possa apresentar somente luz.<\/p>\n","protected":false},"excerpt":{"rendered":"<p>17\/10\/2022 O caminho sempre \u00e9 dif\u00edcil quando se est\u00e1 no in\u00edcio da caminhada. O peso do corpo, as pedras e os espinhos que l\u00e1 foram postas pelo pr\u00f3prio ser que nele est\u00e1, as cobras e lagartos que espreitam o seu caminhar, quando n\u00e3o \u00e9 um ser mais mortal, pelo desvio de conduta que houve em [&hellip;]<\/p>\n","protected":false},"author":1,"featured_media":0,"comment_status":"open","ping_status":"open","sticky":false,"template":"","format":"standard","meta":{"_mi_skip_tracking":false},"categories":[33],"tags":[],"_links":{"self":[{"href":"https:\/\/www.miguelfaccio.com.br\/blog\/index.php\/wp-json\/wp\/v2\/posts\/19129"}],"collection":[{"href":"https:\/\/www.miguelfaccio.com.br\/blog\/index.php\/wp-json\/wp\/v2\/posts"}],"about":[{"href":"https:\/\/www.miguelfaccio.com.br\/blog\/index.php\/wp-json\/wp\/v2\/types\/post"}],"author":[{"embeddable":true,"href":"https:\/\/www.miguelfaccio.com.br\/blog\/index.php\/wp-json\/wp\/v2\/users\/1"}],"replies":[{"embeddable":true,"href":"https:\/\/www.miguelfaccio.com.br\/blog\/index.php\/wp-json\/wp\/v2\/comments?post=19129"}],"version-history":[{"count":1,"href":"https:\/\/www.miguelfaccio.com.br\/blog\/index.php\/wp-json\/wp\/v2\/posts\/19129\/revisions"}],"predecessor-version":[{"id":19130,"href":"https:\/\/www.miguelfaccio.com.br\/blog\/index.php\/wp-json\/wp\/v2\/posts\/19129\/revisions\/19130"}],"wp:attachment":[{"href":"https:\/\/www.miguelfaccio.com.br\/blog\/index.php\/wp-json\/wp\/v2\/media?parent=19129"}],"wp:term":[{"taxonomy":"category","embeddable":true,"href":"https:\/\/www.miguelfaccio.com.br\/blog\/index.php\/wp-json\/wp\/v2\/categories?post=19129"},{"taxonomy":"post_tag","embeddable":true,"href":"https:\/\/www.miguelfaccio.com.br\/blog\/index.php\/wp-json\/wp\/v2\/tags?post=19129"}],"curies":[{"name":"wp","href":"https:\/\/api.w.org\/{rel}","templated":true}]}}