{"id":19125,"date":"2025-03-26T07:50:09","date_gmt":"2025-03-26T10:50:09","guid":{"rendered":"https:\/\/www.miguelfaccio.com.br\/blog\/?p=19125"},"modified":"2025-03-26T07:50:15","modified_gmt":"2025-03-26T10:50:15","slug":"plv4050-livro-27-diario-16-10-2022","status":"publish","type":"post","link":"https:\/\/www.miguelfaccio.com.br\/blog\/index.php\/plv4050-livro-27-diario-16-10-2022\/","title":{"rendered":"PLV4050 \u2013 Livro 27 \u2013 Di\u00e1rio, 16\/10\/2022"},"content":{"rendered":"\n<p class=\"has-text-align-right\"><strong>16\/10\/2022<\/strong><\/p>\n\n\n\n<p>Em nosso interior, ali\u00e1s, n\u00e3o s\u00f3 nele, h\u00e1 a energia que evolui de acordo com que ela a\u00e7ambarca, o conhecimento. Evolu\u00e7\u00e3o \u00e9 o mesmo que soma de conhecimentos. Quanto mais conhecimento se tiver, maior ser\u00e1 a evolu\u00e7\u00e3o, n\u00e3o s\u00f3 d\u00e1 energia no ser, mas no n\u00edvel da mat\u00e9ria tamb\u00e9m. Podemos at\u00e9 fazer uma compara\u00e7\u00e3o com uma semente de qualquer vegetal. Quando lan\u00e7ada na terra e obtenha umidade, acorda seu poder germinador, come\u00e7a a produzir dentro dela o ser que lhe deu origem. Quanto mais sol e \u00e1gua receber, mais rapidamente ser\u00e1 seu conhecimento, at\u00e9 o momento em que poder\u00e1, por sua vez, produzir sementes. Da mesma forma \u00e9 a energia que sustenta o ser humano, ou esp\u00edrito, que \u00e9 individualizado, simples e ignorante. Sua evolu\u00e7\u00e3o come\u00e7a quando inicia a experienciar e intelectualizar os conhecimentos. Quanto mais experienciar e intelectualizar, mais evoluir\u00e1. Tudo isso vai depender da escolha e da vontade de cada esp\u00edrito e, indubitavelmente, com aux\u00edlio do corpo f\u00edsico, que ser\u00e1 o intermedi\u00e1rio dele na manipula\u00e7\u00e3o da mat\u00e9ria. A evolu\u00e7\u00e3o do esp\u00edrito pode ser aquilatada na evolu\u00e7\u00e3o do corpo. Isso \u00e9 um fato incontest\u00e1vel, assim como Tesla n\u00e3o poderia ter um esp\u00edrito que n\u00e3o fosse altamente evolu\u00eddo. Sem querer classificar, mas a evolu\u00e7\u00e3o do esp\u00edrito de Tesla possivelmente j\u00e1 estaria na quinta ou sexta dimens\u00e3o evolutiva. Da mesma forma, todos os grandes g\u00eanios da humanidade. N\u00e3o d\u00e1 para dizer o mesmo dos homens das cavernas, cujo esp\u00edrito n\u00e3o poderia ser evolu\u00eddo, e sim estar na inf\u00e2ncia evolutiva, come\u00e7ando a experienciar os conhecimentos.<\/p>\n","protected":false},"excerpt":{"rendered":"<p>16\/10\/2022 Em nosso interior, ali\u00e1s, n\u00e3o s\u00f3 nele, h\u00e1 a energia que evolui de acordo com que ela a\u00e7ambarca, o conhecimento. Evolu\u00e7\u00e3o \u00e9 o mesmo que soma de conhecimentos. Quanto mais conhecimento se tiver, maior ser\u00e1 a evolu\u00e7\u00e3o, n\u00e3o s\u00f3 d\u00e1 energia no ser, mas no n\u00edvel da mat\u00e9ria tamb\u00e9m. Podemos at\u00e9 fazer uma compara\u00e7\u00e3o [&hellip;]<\/p>\n","protected":false},"author":1,"featured_media":0,"comment_status":"open","ping_status":"open","sticky":false,"template":"","format":"standard","meta":{"_mi_skip_tracking":false},"categories":[33],"tags":[],"_links":{"self":[{"href":"https:\/\/www.miguelfaccio.com.br\/blog\/index.php\/wp-json\/wp\/v2\/posts\/19125"}],"collection":[{"href":"https:\/\/www.miguelfaccio.com.br\/blog\/index.php\/wp-json\/wp\/v2\/posts"}],"about":[{"href":"https:\/\/www.miguelfaccio.com.br\/blog\/index.php\/wp-json\/wp\/v2\/types\/post"}],"author":[{"embeddable":true,"href":"https:\/\/www.miguelfaccio.com.br\/blog\/index.php\/wp-json\/wp\/v2\/users\/1"}],"replies":[{"embeddable":true,"href":"https:\/\/www.miguelfaccio.com.br\/blog\/index.php\/wp-json\/wp\/v2\/comments?post=19125"}],"version-history":[{"count":1,"href":"https:\/\/www.miguelfaccio.com.br\/blog\/index.php\/wp-json\/wp\/v2\/posts\/19125\/revisions"}],"predecessor-version":[{"id":19126,"href":"https:\/\/www.miguelfaccio.com.br\/blog\/index.php\/wp-json\/wp\/v2\/posts\/19125\/revisions\/19126"}],"wp:attachment":[{"href":"https:\/\/www.miguelfaccio.com.br\/blog\/index.php\/wp-json\/wp\/v2\/media?parent=19125"}],"wp:term":[{"taxonomy":"category","embeddable":true,"href":"https:\/\/www.miguelfaccio.com.br\/blog\/index.php\/wp-json\/wp\/v2\/categories?post=19125"},{"taxonomy":"post_tag","embeddable":true,"href":"https:\/\/www.miguelfaccio.com.br\/blog\/index.php\/wp-json\/wp\/v2\/tags?post=19125"}],"curies":[{"name":"wp","href":"https:\/\/api.w.org\/{rel}","templated":true}]}}