{"id":19121,"date":"2025-03-25T11:08:19","date_gmt":"2025-03-25T14:08:19","guid":{"rendered":"https:\/\/www.miguelfaccio.com.br\/blog\/?p=19121"},"modified":"2025-03-25T11:08:22","modified_gmt":"2025-03-25T14:08:22","slug":"plv4049-livro-27-diario-15-10-2022","status":"publish","type":"post","link":"https:\/\/www.miguelfaccio.com.br\/blog\/index.php\/plv4049-livro-27-diario-15-10-2022\/","title":{"rendered":"PLV4049 \u2013 Livro 27 \u2013 Di\u00e1rio, 15\/10\/2022"},"content":{"rendered":"\n<p class=\"has-text-align-right\"><strong>15\/10\/2022<\/strong><\/p>\n\n\n\n<p>De acordo com as necessidades, que muitas vezes nem entendemos, o ser humano \u00e9 levado a transferir resid\u00eancia para outra parte deste planeta, e nem se d\u00e1 conta que tudo j\u00e1 estava estabelecido, e sempre em vista de sua melhor evolu\u00e7\u00e3o espiritual. Geralmente, a grande maioria dos seres humanos, embora haja exce\u00e7\u00f5es, visam a, nestas altera\u00e7\u00f5es de endere\u00e7os, apenas a condi\u00e7\u00e3o econ\u00f4mica e material. Nem sequer imagina que, na grande maioria das vezes, \u00e9 direcionado por algo maior que seu pr\u00f3prio interesse. S\u00e3o coisas que escapam \u00e0queles que pouco se ligam com o que h\u00e1 do outro lado da vida e que, na realidade, \u00e9 aquilo que tem real import\u00e2ncia. Pelo simples fato de o corpo f\u00edsico ter sua vida limitada pelo tempo, ao passo que a ess\u00eancia, o esp\u00edrito tem a vida eterna, ent\u00e3o, tudo acontece para que essa vida eterna evolua. O corpo f\u00edsico tamb\u00e9m serve para isso. Isso n\u00e3o \u00e9 a quest\u00e3o da religi\u00e3o, \u00e9 quest\u00e3o de evolu\u00e7\u00e3o da ess\u00eancia Divina que somos, que, partindo da maior simplicidade e ignor\u00e2ncia, precisa, com seu pr\u00f3prio esfor\u00e7o, evoluir e, para isso, usa um instrumento, que algumas vezes, em vez de ser seu amigo, torna-se seu inimigo, carregando a ess\u00eancia, o esp\u00edrito, a alma ou o \u00c1tman de energias negativas que ter\u00e1 que posteriormente ressarcir, exorcizar ou queimar com o Fogo da Chama Violeta. Isso tudo s\u00e3o tr\u00e2mites que visam a buscar, lenta, mas progressivamente, a evolu\u00e7\u00e3o daquela part\u00edcula Divina individualizada na maior simplicidade e ignor\u00e2ncia.<\/p>\n","protected":false},"excerpt":{"rendered":"<p>15\/10\/2022 De acordo com as necessidades, que muitas vezes nem entendemos, o ser humano \u00e9 levado a transferir resid\u00eancia para outra parte deste planeta, e nem se d\u00e1 conta que tudo j\u00e1 estava estabelecido, e sempre em vista de sua melhor evolu\u00e7\u00e3o espiritual. Geralmente, a grande maioria dos seres humanos, embora haja exce\u00e7\u00f5es, visam a, [&hellip;]<\/p>\n","protected":false},"author":1,"featured_media":0,"comment_status":"open","ping_status":"open","sticky":false,"template":"","format":"standard","meta":{"_mi_skip_tracking":false},"categories":[33],"tags":[],"_links":{"self":[{"href":"https:\/\/www.miguelfaccio.com.br\/blog\/index.php\/wp-json\/wp\/v2\/posts\/19121"}],"collection":[{"href":"https:\/\/www.miguelfaccio.com.br\/blog\/index.php\/wp-json\/wp\/v2\/posts"}],"about":[{"href":"https:\/\/www.miguelfaccio.com.br\/blog\/index.php\/wp-json\/wp\/v2\/types\/post"}],"author":[{"embeddable":true,"href":"https:\/\/www.miguelfaccio.com.br\/blog\/index.php\/wp-json\/wp\/v2\/users\/1"}],"replies":[{"embeddable":true,"href":"https:\/\/www.miguelfaccio.com.br\/blog\/index.php\/wp-json\/wp\/v2\/comments?post=19121"}],"version-history":[{"count":1,"href":"https:\/\/www.miguelfaccio.com.br\/blog\/index.php\/wp-json\/wp\/v2\/posts\/19121\/revisions"}],"predecessor-version":[{"id":19122,"href":"https:\/\/www.miguelfaccio.com.br\/blog\/index.php\/wp-json\/wp\/v2\/posts\/19121\/revisions\/19122"}],"wp:attachment":[{"href":"https:\/\/www.miguelfaccio.com.br\/blog\/index.php\/wp-json\/wp\/v2\/media?parent=19121"}],"wp:term":[{"taxonomy":"category","embeddable":true,"href":"https:\/\/www.miguelfaccio.com.br\/blog\/index.php\/wp-json\/wp\/v2\/categories?post=19121"},{"taxonomy":"post_tag","embeddable":true,"href":"https:\/\/www.miguelfaccio.com.br\/blog\/index.php\/wp-json\/wp\/v2\/tags?post=19121"}],"curies":[{"name":"wp","href":"https:\/\/api.w.org\/{rel}","templated":true}]}}