{"id":19117,"date":"2025-03-24T09:25:36","date_gmt":"2025-03-24T12:25:36","guid":{"rendered":"https:\/\/www.miguelfaccio.com.br\/blog\/?p=19117"},"modified":"2025-03-24T09:25:38","modified_gmt":"2025-03-24T12:25:38","slug":"plv4048-livro-27-diario-14-10-2022","status":"publish","type":"post","link":"https:\/\/www.miguelfaccio.com.br\/blog\/index.php\/plv4048-livro-27-diario-14-10-2022\/","title":{"rendered":"PLV4048 \u2013 Livro 27 \u2013 Di\u00e1rio, 14\/10\/2022"},"content":{"rendered":"\n<p class=\"has-text-align-right\"><strong>14\/10\/2022<\/strong><\/p>\n\n\n\n<p>O sil\u00eancio, al\u00e9m de ser a arma dos fortes, \u00e9 tamb\u00e9m um fator indispens\u00e1vel para o equil\u00edbrio e a evolu\u00e7\u00e3o do esp\u00edrito. A mat\u00e9ria precisa de seus momentos de sil\u00eancio para desenvolver-se. O sil\u00eancio nada mais \u00e9 do que o controle do pensamento, que pulula como um macaquinho em nossa cabe\u00e7a. Esse poder criador que recebemos de Deus, de vez em quando, precisa ser contido para poder sobressair as experi\u00eancias indispens\u00e1veis ao esp\u00edrito para que cumpra seu projeto de reencarna\u00e7\u00e3o. O manter quieto nosso pensamento \u00e9 uma exegese de longo curso. O pensamento surge como o vento, n\u00e3o se sabe de onde vem, mas aqueles que d\u00e3o asas a essa m\u00e1quina criadora est\u00e3o fadados a sofrer as consequ\u00eancias de cria\u00e7\u00f5es desordenadas que v\u00eam trazer mais carmas ao esp\u00edrito que habita dentro deste corpo. N\u00e3o podemos esquecer que \u00e9 o pensamento que nos iguala a Deus, porque ele cria aquilo que pensamos. Aquilo que ele criar n\u00e3o desaparece, mas \u00e9 tal qual diz Jesus, a semeadura da semente brotar\u00e1 e depois ter\u00e1 que ser colhida. O local onde esses pensamentos v\u00e3o \u00e9 o astral ou simplesmente universo, que fica aguardando e somando com outras cria\u00e7\u00f5es suas, para serem posteriormente colhidas ou exorcizadas. Essas cria\u00e7\u00f5es, algumas s\u00e3o para nos evoluir, outras criam energias delet\u00e9rias que precisamos resgatar, porque se transformaram em um carma. Nossos pensamentos, al\u00e9m de nos tornar santos, tornam-nos sofredores de suas consequ\u00eancias, porque a vida \u00e9 uma soma de consequ\u00eancias.<\/p>\n","protected":false},"excerpt":{"rendered":"<p>14\/10\/2022 O sil\u00eancio, al\u00e9m de ser a arma dos fortes, \u00e9 tamb\u00e9m um fator indispens\u00e1vel para o equil\u00edbrio e a evolu\u00e7\u00e3o do esp\u00edrito. A mat\u00e9ria precisa de seus momentos de sil\u00eancio para desenvolver-se. O sil\u00eancio nada mais \u00e9 do que o controle do pensamento, que pulula como um macaquinho em nossa cabe\u00e7a. Esse poder criador [&hellip;]<\/p>\n","protected":false},"author":1,"featured_media":0,"comment_status":"open","ping_status":"open","sticky":false,"template":"","format":"standard","meta":{"_mi_skip_tracking":false},"categories":[33],"tags":[],"_links":{"self":[{"href":"https:\/\/www.miguelfaccio.com.br\/blog\/index.php\/wp-json\/wp\/v2\/posts\/19117"}],"collection":[{"href":"https:\/\/www.miguelfaccio.com.br\/blog\/index.php\/wp-json\/wp\/v2\/posts"}],"about":[{"href":"https:\/\/www.miguelfaccio.com.br\/blog\/index.php\/wp-json\/wp\/v2\/types\/post"}],"author":[{"embeddable":true,"href":"https:\/\/www.miguelfaccio.com.br\/blog\/index.php\/wp-json\/wp\/v2\/users\/1"}],"replies":[{"embeddable":true,"href":"https:\/\/www.miguelfaccio.com.br\/blog\/index.php\/wp-json\/wp\/v2\/comments?post=19117"}],"version-history":[{"count":1,"href":"https:\/\/www.miguelfaccio.com.br\/blog\/index.php\/wp-json\/wp\/v2\/posts\/19117\/revisions"}],"predecessor-version":[{"id":19118,"href":"https:\/\/www.miguelfaccio.com.br\/blog\/index.php\/wp-json\/wp\/v2\/posts\/19117\/revisions\/19118"}],"wp:attachment":[{"href":"https:\/\/www.miguelfaccio.com.br\/blog\/index.php\/wp-json\/wp\/v2\/media?parent=19117"}],"wp:term":[{"taxonomy":"category","embeddable":true,"href":"https:\/\/www.miguelfaccio.com.br\/blog\/index.php\/wp-json\/wp\/v2\/categories?post=19117"},{"taxonomy":"post_tag","embeddable":true,"href":"https:\/\/www.miguelfaccio.com.br\/blog\/index.php\/wp-json\/wp\/v2\/tags?post=19117"}],"curies":[{"name":"wp","href":"https:\/\/api.w.org\/{rel}","templated":true}]}}