{"id":19115,"date":"2025-03-23T10:08:07","date_gmt":"2025-03-23T13:08:07","guid":{"rendered":"https:\/\/www.miguelfaccio.com.br\/blog\/?p=19115"},"modified":"2025-03-23T10:08:09","modified_gmt":"2025-03-23T13:08:09","slug":"rcd3996-raios-ou-chamas","status":"publish","type":"post","link":"https:\/\/www.miguelfaccio.com.br\/blog\/index.php\/rcd3996-raios-ou-chamas\/","title":{"rendered":"RCD3996 Raios ou Chamas"},"content":{"rendered":"\n<p class=\"has-text-align-right\"><strong>Sananda <br>Atrav\u00e9s de James McConnell<\/strong><\/p>\n\n\n\n<p>PREPARE-SE E ABRACE O IMPACTO<\/p>\n\n\n\n<p>20 de mar\u00e7o de 2025<\/p>\n\n\n\n<p>Eu Sou Sananda e venho para estar com voc\u00eas neste momento, nestes tempos de grandes mudan\u00e7as que voc\u00eas est\u00e3o se aproximando agora, que voc\u00eas est\u00e3o no agora, mas ainda mais, o que est\u00e1 prestes a ocorrer.<\/p>\n\n\n\n<p>N\u00e3o posso falar diretamente sobre o que \u00e9 isso, mas voc\u00ea descobrir\u00e1 nos dias e semanas \u00e0 sua frente, e talvez meses, que muita coisa est\u00e1 acontecendo, uma grande mudan\u00e7a est\u00e1 acontecendo, n\u00e3o apenas uma mudan\u00e7a, mas uma mir\u00edade de mudan\u00e7as, todas se unindo para culminar como uma mudan\u00e7a maior. \u00c9 isso que posso lhe dizer agora neste momento.<\/p>\n\n\n\n<p>Quando voc\u00ea falou antes dos termos \u2013 prepare-se para o impacto, n\u00e3o se tratava de ser negativo, era sobre se preparar como indiv\u00edduos, mas mais como os indiv\u00edduos se unindo como a consci\u00eancia coletiva e como a consci\u00eancia coletiva precisa se preparar para o impacto. Porque a consci\u00eancia coletiva como um todo n\u00e3o sabe o que voc\u00ea sabe.<\/p>\n\n\n\n<p>Eles ainda n\u00e3o t\u00eam os olhos para ver e os ouvidos para ouvir como voc\u00eas tem. Eles ainda n\u00e3o est\u00e3o no est\u00e1gio mais completamente desperto como voc\u00eas est\u00e3o. Ent\u00e3o voc\u00eas, como sempre, s\u00e3o os catalisadores para fazer isso acontecer.<\/p>\n\n\n\n<p>Voc\u00ea faz isso em seus pensamentos di\u00e1rios, onde voc\u00ea tem mais pensamentos positivos surgindo. Sim, sabemos que voc\u00ea tamb\u00e9m tem alguns pensamentos negativos. Sabemos que voc\u00ea n\u00e3o consegue controlar totalmente seus pensamentos neste momento, mas voc\u00ea est\u00e1 se movendo mais e mais nessa dire\u00e7\u00e3o para ser capaz de controlar seus pensamentos. Mais e mais para ser capaz de pensar pensamentos positivos.<\/p>\n\n\n\n<p>E isso \u00e9 t\u00e3o importante, porque lembre-se de que cada pensamento que voc\u00ea tem; seja negativo ou positivo, vai para a consci\u00eancia coletiva, vai para a mente universal, vai para o campo qu\u00e2ntico, \u00e9 tudo um e o mesmo. E esses pensamentos se tornam parte da consci\u00eancia coletiva \u00e0 medida que essa consci\u00eancia coletiva atrai esses pensamentos para eles.<\/p>\n\n\n\n<p>Ent\u00e3o \u00e9 assim que funciona. Ent\u00e3o n\u00e3o, sempre que voc\u00ea tiver uma sensa\u00e7\u00e3o de negatividade dentro de voc\u00ea, simplesmente como voc\u00ea est\u00e1 ciente disso, mude isso, mude esse pensamento, mude esse pensamento, mas tamb\u00e9m mude o sentimento interior. E quando voc\u00ea muda o sentimento, voc\u00ea tamb\u00e9m est\u00e1 mudando a inten\u00e7\u00e3o desses pensamentos. Ent\u00e3o pense sobre isso, seguindo em frente.<\/p>\n\n\n\n<p>Sim, de fato, siga em frente, esteja no momento, tudo isso \u00e9 importante. Mas n\u00e3o se esque\u00e7a de que estar no momento em cada momento \u00e9 de fato criar seu futuro, criar seu futuro individual, bem como o futuro coletivo. Ent\u00e3o abrace o impacto. Voc\u00ea abra\u00e7a o impacto.<\/p>\n\n\n\n<p>Haver\u00e1 um grande impacto chegando, n\u00e3o apenas para voc\u00ea como indiv\u00edduo, mas ainda mais, pois a consci\u00eancia coletiva est\u00e1 pronta para esse impacto, pronta para essas mudan\u00e7as que est\u00e3o surgindo, mudan\u00e7as na verdade, a verdade surgindo em todos os lugares. \u00c9 sobre todos os entendimentos negativos que surgir\u00e3o e ser\u00e3o trazidos a todos aqueles que est\u00e3o prontos para ouvi-los, como verdade.<\/p>\n\n\n\n<p>Eu Sou Sananda e deixo voc\u00eas agora em paz, amor e unidade, e que continuem se preparando, se preparando para as mudan\u00e7as, se preparando para tudo o que est\u00e1 por vir, mas ainda mais importante, enquanto voc\u00eas se preparam para tudo isso, continuem a estar no momento, aproveitem o momento, sejam o momento.<\/p>\n\n\n\n<p>~ Sananda<\/p>\n\n\n\n<p>Formata\u00e7\u00e3o e tradu\u00e7\u00e3o \u2013 DE CORA\u00c7\u00c3O A CORA\u00c7\u00c3O<\/p>\n\n\n\n<figure class=\"wp-block-embed\"><div class=\"wp-block-embed__wrapper\">\nhttp:\/\/www.decoracaoacoracao.blog.br\/\n<\/div><\/figure>\n\n\n\n<figure class=\"wp-block-embed\"><div class=\"wp-block-embed__wrapper\">\nhttp:\/\/stelalecocq.blogspot.com\n<\/div><\/figure>\n\n\n\n<figure class=\"wp-block-embed\"><div class=\"wp-block-embed__wrapper\">\nhttps:\/\/lecocq.wordpress.com\n<\/div><\/figure>\n\n\n\n<p>Instagram \u2013 @blogdecoracaoacoracao<\/p>\n\n\n\n<p>Informa\u00e7\u00f5es e Agendamentos para Mesa Qu\u00e2ntica Estelar, Mesa Pet, Mesa Qu\u00e2ntica 2.0, Florais de Bach, Sistema Regenerador Ashtariano, Sistema Arcturiano de Cura Multidimensional \u2013 lecocqmuller@gmail.com<\/p>\n\n\n\n<p>E-book \u201cMensagens dos Mestres \u2013 De Cora\u00e7\u00e3o a Cora\u00e7\u00e3o\u201d \u2013 https:\/\/mensagensdosmestres.blogspot.com\/<\/p>\n\n\n\n<figure class=\"wp-block-embed\"><div class=\"wp-block-embed__wrapper\">\nhttp:\/\/www.ancientawakenings.org\/\n<\/div><\/figure>\n\n\n\n<p>Respeite todos os cr\u00e9ditos ao compartilhar<\/p>\n\n\n\n<p>LUZ!<\/p>\n\n\n\n<p>STELA<\/p>\n","protected":false},"excerpt":{"rendered":"<p>Sananda Atrav\u00e9s de James McConnell PREPARE-SE E ABRACE O IMPACTO 20 de mar\u00e7o de 2025 Eu Sou Sananda e venho para estar com voc\u00eas neste momento, nestes tempos de grandes mudan\u00e7as que voc\u00eas est\u00e3o se aproximando agora, que voc\u00eas est\u00e3o no agora, mas ainda mais, o que est\u00e1 prestes a ocorrer. N\u00e3o posso falar diretamente [&hellip;]<\/p>\n","protected":false},"author":1,"featured_media":0,"comment_status":"open","ping_status":"open","sticky":false,"template":"","format":"standard","meta":{"_mi_skip_tracking":false},"categories":[3],"tags":[],"_links":{"self":[{"href":"https:\/\/www.miguelfaccio.com.br\/blog\/index.php\/wp-json\/wp\/v2\/posts\/19115"}],"collection":[{"href":"https:\/\/www.miguelfaccio.com.br\/blog\/index.php\/wp-json\/wp\/v2\/posts"}],"about":[{"href":"https:\/\/www.miguelfaccio.com.br\/blog\/index.php\/wp-json\/wp\/v2\/types\/post"}],"author":[{"embeddable":true,"href":"https:\/\/www.miguelfaccio.com.br\/blog\/index.php\/wp-json\/wp\/v2\/users\/1"}],"replies":[{"embeddable":true,"href":"https:\/\/www.miguelfaccio.com.br\/blog\/index.php\/wp-json\/wp\/v2\/comments?post=19115"}],"version-history":[{"count":1,"href":"https:\/\/www.miguelfaccio.com.br\/blog\/index.php\/wp-json\/wp\/v2\/posts\/19115\/revisions"}],"predecessor-version":[{"id":19116,"href":"https:\/\/www.miguelfaccio.com.br\/blog\/index.php\/wp-json\/wp\/v2\/posts\/19115\/revisions\/19116"}],"wp:attachment":[{"href":"https:\/\/www.miguelfaccio.com.br\/blog\/index.php\/wp-json\/wp\/v2\/media?parent=19115"}],"wp:term":[{"taxonomy":"category","embeddable":true,"href":"https:\/\/www.miguelfaccio.com.br\/blog\/index.php\/wp-json\/wp\/v2\/categories?post=19115"},{"taxonomy":"post_tag","embeddable":true,"href":"https:\/\/www.miguelfaccio.com.br\/blog\/index.php\/wp-json\/wp\/v2\/tags?post=19115"}],"curies":[{"name":"wp","href":"https:\/\/api.w.org\/{rel}","templated":true}]}}