{"id":19113,"date":"2025-03-23T10:05:33","date_gmt":"2025-03-23T13:05:33","guid":{"rendered":"https:\/\/www.miguelfaccio.com.br\/blog\/?p=19113"},"modified":"2025-03-23T10:05:36","modified_gmt":"2025-03-23T13:05:36","slug":"plv4047-livro-27-diario-13-10-2022","status":"publish","type":"post","link":"https:\/\/www.miguelfaccio.com.br\/blog\/index.php\/plv4047-livro-27-diario-13-10-2022\/","title":{"rendered":"PLV4047 \u2013 Livro 27 \u2013 Di\u00e1rio, 13\/10\/2022"},"content":{"rendered":"\n<p class=\"has-text-align-right\"><strong>13\/10\/2022<\/strong><\/p>\n\n\n\n<p>O esp\u00edrito, quando reencarna, j\u00e1 traz estampado em sua consci\u00eancia o objetivo que precisa alcan\u00e7ar. O corpo que usa quase sempre est\u00e1 desprovido desse importante dever que precisa cumprir. Quando estabelece seu objetivo, o mais das vezes \u00e9 estabelecido em fun\u00e7\u00e3o de seus grupos de viv\u00eancia, onde, geralmente, nada tem a ver com a finalidade do corpo f\u00edsico em rela\u00e7\u00e3o \u00e0 sua importante finalidade de exist\u00eancia sobre o planeta. A maioria se at\u00e9m apenas \u00e0s coisas materiais e esquecem que seu mais importante papel \u00e9 ser um instrumento para seu esp\u00edrito conseguir experienciar os conhecimentos e, assim, evoluir. A maioria das religi\u00f5es, talvez com vagas exce\u00e7\u00f5es, n\u00e3o instruem seus fi\u00e9is nesta importante tarefa do corpo f\u00edsico, e talvez nem saibam, n\u00e3o se instruem e vivem com o parco conhecimento deixado pelos reformadores e, na igreja Cat\u00f3lica, deixado pelos doutores da igreja, Tom\u00e1s de Aquino e outros. Em s\u00edntese, vivem com o pensamento no passado. N\u00e3o sou contra; pelo contr\u00e1rio, reconhe\u00e7o a import\u00e2ncia deles para estabelecerem conhecimentos v\u00e1lidos, reais, para a \u00e9poca. Depois deles, quando cresceu o conhecimento das ci\u00eancias dos homens? J\u00e1 sonham em conquistar outros planetas. Tua religi\u00e3o, que conhecimentos conseguiu agregar aos conhecimentos do passado? O que se pode dizer? Continuam a pensar como os seus reformadores, como Tom\u00e1s de Aquino, como Kardec e outros. Como poder\u00e3o evoluir se seu pensamento est\u00e1 preso no passado? N\u00e3o esque\u00e7am que a evolu\u00e7\u00e3o \u00e9 comandada pelo pensamento e fixada pela a\u00e7\u00e3o.<\/p>\n","protected":false},"excerpt":{"rendered":"<p>13\/10\/2022 O esp\u00edrito, quando reencarna, j\u00e1 traz estampado em sua consci\u00eancia o objetivo que precisa alcan\u00e7ar. O corpo que usa quase sempre est\u00e1 desprovido desse importante dever que precisa cumprir. Quando estabelece seu objetivo, o mais das vezes \u00e9 estabelecido em fun\u00e7\u00e3o de seus grupos de viv\u00eancia, onde, geralmente, nada tem a ver com a [&hellip;]<\/p>\n","protected":false},"author":1,"featured_media":0,"comment_status":"open","ping_status":"open","sticky":false,"template":"","format":"standard","meta":{"_mi_skip_tracking":false},"categories":[33],"tags":[],"_links":{"self":[{"href":"https:\/\/www.miguelfaccio.com.br\/blog\/index.php\/wp-json\/wp\/v2\/posts\/19113"}],"collection":[{"href":"https:\/\/www.miguelfaccio.com.br\/blog\/index.php\/wp-json\/wp\/v2\/posts"}],"about":[{"href":"https:\/\/www.miguelfaccio.com.br\/blog\/index.php\/wp-json\/wp\/v2\/types\/post"}],"author":[{"embeddable":true,"href":"https:\/\/www.miguelfaccio.com.br\/blog\/index.php\/wp-json\/wp\/v2\/users\/1"}],"replies":[{"embeddable":true,"href":"https:\/\/www.miguelfaccio.com.br\/blog\/index.php\/wp-json\/wp\/v2\/comments?post=19113"}],"version-history":[{"count":1,"href":"https:\/\/www.miguelfaccio.com.br\/blog\/index.php\/wp-json\/wp\/v2\/posts\/19113\/revisions"}],"predecessor-version":[{"id":19114,"href":"https:\/\/www.miguelfaccio.com.br\/blog\/index.php\/wp-json\/wp\/v2\/posts\/19113\/revisions\/19114"}],"wp:attachment":[{"href":"https:\/\/www.miguelfaccio.com.br\/blog\/index.php\/wp-json\/wp\/v2\/media?parent=19113"}],"wp:term":[{"taxonomy":"category","embeddable":true,"href":"https:\/\/www.miguelfaccio.com.br\/blog\/index.php\/wp-json\/wp\/v2\/categories?post=19113"},{"taxonomy":"post_tag","embeddable":true,"href":"https:\/\/www.miguelfaccio.com.br\/blog\/index.php\/wp-json\/wp\/v2\/tags?post=19113"}],"curies":[{"name":"wp","href":"https:\/\/api.w.org\/{rel}","templated":true}]}}