{"id":19104,"date":"2025-03-21T09:13:46","date_gmt":"2025-03-21T12:13:46","guid":{"rendered":"https:\/\/www.miguelfaccio.com.br\/blog\/?p=19104"},"modified":"2025-03-21T09:13:47","modified_gmt":"2025-03-21T12:13:47","slug":"plv4045-livro-27-diario-11-10-2022","status":"publish","type":"post","link":"https:\/\/www.miguelfaccio.com.br\/blog\/index.php\/plv4045-livro-27-diario-11-10-2022\/","title":{"rendered":"PLV4045 \u2013 Livro 27 \u2013 Di\u00e1rio, 11\/10\/2022"},"content":{"rendered":"\n<p class=\"has-text-align-right\"><strong>11\/10\/2022<\/strong><\/p>\n\n\n\n<p>N\u00e3o nos damos conta de que tudo o que existe no universo \u00e9 importante. Tudo, a partir do \u00e1tomo e os elementos que o comp\u00f5em, culminando com o universo, s\u00e3o part\u00edculas do Deus Uno, a fonte de todas as coisas. \u00c9 preciso que nos conscientizemos disso, pois a uni\u00e3o de duas partes dessa part\u00edcula Divina, a parte material formada pela mat\u00e9ria e a parte espiritual formada pela ess\u00eancia pura de Deus. A mat\u00e9ria, por sua vez, \u00e9 mantida pela energia pura tamb\u00e9m, que aglutina as part\u00edculas e d\u00e1 a exist\u00eancia \u00e0 mat\u00e9ria. Por mais que se negue a intercess\u00e3o Divina em todas as coisas, por mais que se negue a exist\u00eancia de Deus, isso ser\u00e1 somente no tempo de exist\u00eancia do corpo f\u00edsico. Quando a ess\u00eancia se desvincula da mat\u00e9ria, ter-se-\u00e1 a percep\u00e7\u00e3o clara da exist\u00eancia de um Deus que \u00e9 tudo e comanda tudo. Quando o consciente do corpo se nega a aceitar aquilo que se \u00e9, como diz Jesus em Jo\u00e3o 10:34, \u201cV\u00f3s sois Deuses\u201d, ter\u00e1 dificultado a evolu\u00e7\u00e3o de parte si, porque somos uma dualidade, enquanto na mat\u00e9ria, ap\u00f3s, ser-se-\u00e1 uma part\u00edcula Divina individualizada e que precisa evoluir para, como aconteceu com Jesus, ascender aos c\u00e9us e, tendo o dom\u00ednio do universo, atrav\u00e9s de seu pensamento, ordenar e este cumprir o seu desejo. Isso tudo s\u00e3o conhecimentos que precisam penetrar no consciente do ser humano, para auxili\u00e1-lo a evoluir, com o corpo tornando-se instrumento desta evolu\u00e7\u00e3o.<\/p>\n","protected":false},"excerpt":{"rendered":"<p>11\/10\/2022 N\u00e3o nos damos conta de que tudo o que existe no universo \u00e9 importante. Tudo, a partir do \u00e1tomo e os elementos que o comp\u00f5em, culminando com o universo, s\u00e3o part\u00edculas do Deus Uno, a fonte de todas as coisas. \u00c9 preciso que nos conscientizemos disso, pois a uni\u00e3o de duas partes dessa part\u00edcula [&hellip;]<\/p>\n","protected":false},"author":1,"featured_media":0,"comment_status":"open","ping_status":"open","sticky":false,"template":"","format":"standard","meta":{"_mi_skip_tracking":false},"categories":[33],"tags":[],"_links":{"self":[{"href":"https:\/\/www.miguelfaccio.com.br\/blog\/index.php\/wp-json\/wp\/v2\/posts\/19104"}],"collection":[{"href":"https:\/\/www.miguelfaccio.com.br\/blog\/index.php\/wp-json\/wp\/v2\/posts"}],"about":[{"href":"https:\/\/www.miguelfaccio.com.br\/blog\/index.php\/wp-json\/wp\/v2\/types\/post"}],"author":[{"embeddable":true,"href":"https:\/\/www.miguelfaccio.com.br\/blog\/index.php\/wp-json\/wp\/v2\/users\/1"}],"replies":[{"embeddable":true,"href":"https:\/\/www.miguelfaccio.com.br\/blog\/index.php\/wp-json\/wp\/v2\/comments?post=19104"}],"version-history":[{"count":1,"href":"https:\/\/www.miguelfaccio.com.br\/blog\/index.php\/wp-json\/wp\/v2\/posts\/19104\/revisions"}],"predecessor-version":[{"id":19105,"href":"https:\/\/www.miguelfaccio.com.br\/blog\/index.php\/wp-json\/wp\/v2\/posts\/19104\/revisions\/19105"}],"wp:attachment":[{"href":"https:\/\/www.miguelfaccio.com.br\/blog\/index.php\/wp-json\/wp\/v2\/media?parent=19104"}],"wp:term":[{"taxonomy":"category","embeddable":true,"href":"https:\/\/www.miguelfaccio.com.br\/blog\/index.php\/wp-json\/wp\/v2\/categories?post=19104"},{"taxonomy":"post_tag","embeddable":true,"href":"https:\/\/www.miguelfaccio.com.br\/blog\/index.php\/wp-json\/wp\/v2\/tags?post=19104"}],"curies":[{"name":"wp","href":"https:\/\/api.w.org\/{rel}","templated":true}]}}