{"id":19100,"date":"2025-03-20T14:00:05","date_gmt":"2025-03-20T17:00:05","guid":{"rendered":"https:\/\/www.miguelfaccio.com.br\/blog\/?p=19100"},"modified":"2025-03-20T14:00:07","modified_gmt":"2025-03-20T17:00:07","slug":"plv4044-livro-27-diario-10-10-2022","status":"publish","type":"post","link":"https:\/\/www.miguelfaccio.com.br\/blog\/index.php\/plv4044-livro-27-diario-10-10-2022\/","title":{"rendered":"PLV4044 \u2013 Livro 27 \u2013 Di\u00e1rio, 10\/10\/2022"},"content":{"rendered":"\n<p class=\"has-text-align-right\"><strong>10\/10\/2022<\/strong><\/p>\n\n\n\n<p>\u00c9 importante nossa escolha consciente para a evolu\u00e7\u00e3o mais r\u00e1pida de nosso esp\u00edrito. Isso precisa estar muito bem fixado em nosso consciente exterior (desde o ventre materno, tudo o que passou pelos sentidos) e depois lembrado e exercitado pelo consciente f\u00edsico. Quando encarnado, nosso esp\u00edrito j\u00e1 sabe de tudo o que se refere a si. O problema est\u00e1 no consciente f\u00edsico que, geralmente, est\u00e1 mais vinculado \u00e0s coisas materiais e n\u00e3o est\u00e1 nem a\u00ed pelo que vai pelo seu esp\u00edrito. Est\u00e1 faltando, nesta humanidade, a consci\u00eancia de que a mat\u00e9ria, o corpo f\u00edsico, \u201csou eu\u201d, e a ess\u00eancia, o esp\u00edrito ou alma, tamb\u00e9m \u201csou eu\u201d. Essa consci\u00eancia far\u00e1 toda a diferen\u00e7a quando estiver sendo lembrada e vivenciada pelo ser humano. Isso far\u00e1 com que o corpo f\u00edsico aja muito mais como um instrumento tempor\u00e1rio de seu esp\u00edrito. Essa consci\u00eancia foi muito importante para aqueles que hoje s\u00e3o chamados de santos, pois conseguiram priorizar aquilo que dizia respeito ao esp\u00edrito em detrimento ao que a mat\u00e9ria disponibilizava. Estavam conscientes que o corpo era tempor\u00e1rio, mas o esp\u00edrito \u00e9 eterno. N\u00e3o esqueceram que o corpo e o esp\u00edrito, ambos s\u00e3o \u201ceu\u201d. Isso faz a diferen\u00e7a, pois devem ser unos n\u00e3o s\u00f3 na teoria, mas na consci\u00eancia e na pr\u00e1tica do dia a dia. Aqui est\u00e1 a import\u00e2ncia da pr\u00e1tica frequente da escolha que o consciente f\u00edsico deve fazer daquilo que deseja ser.<\/p>\n","protected":false},"excerpt":{"rendered":"<p>10\/10\/2022 \u00c9 importante nossa escolha consciente para a evolu\u00e7\u00e3o mais r\u00e1pida de nosso esp\u00edrito. Isso precisa estar muito bem fixado em nosso consciente exterior (desde o ventre materno, tudo o que passou pelos sentidos) e depois lembrado e exercitado pelo consciente f\u00edsico. Quando encarnado, nosso esp\u00edrito j\u00e1 sabe de tudo o que se refere a [&hellip;]<\/p>\n","protected":false},"author":1,"featured_media":0,"comment_status":"open","ping_status":"open","sticky":false,"template":"","format":"standard","meta":{"_mi_skip_tracking":false},"categories":[33],"tags":[],"_links":{"self":[{"href":"https:\/\/www.miguelfaccio.com.br\/blog\/index.php\/wp-json\/wp\/v2\/posts\/19100"}],"collection":[{"href":"https:\/\/www.miguelfaccio.com.br\/blog\/index.php\/wp-json\/wp\/v2\/posts"}],"about":[{"href":"https:\/\/www.miguelfaccio.com.br\/blog\/index.php\/wp-json\/wp\/v2\/types\/post"}],"author":[{"embeddable":true,"href":"https:\/\/www.miguelfaccio.com.br\/blog\/index.php\/wp-json\/wp\/v2\/users\/1"}],"replies":[{"embeddable":true,"href":"https:\/\/www.miguelfaccio.com.br\/blog\/index.php\/wp-json\/wp\/v2\/comments?post=19100"}],"version-history":[{"count":1,"href":"https:\/\/www.miguelfaccio.com.br\/blog\/index.php\/wp-json\/wp\/v2\/posts\/19100\/revisions"}],"predecessor-version":[{"id":19101,"href":"https:\/\/www.miguelfaccio.com.br\/blog\/index.php\/wp-json\/wp\/v2\/posts\/19100\/revisions\/19101"}],"wp:attachment":[{"href":"https:\/\/www.miguelfaccio.com.br\/blog\/index.php\/wp-json\/wp\/v2\/media?parent=19100"}],"wp:term":[{"taxonomy":"category","embeddable":true,"href":"https:\/\/www.miguelfaccio.com.br\/blog\/index.php\/wp-json\/wp\/v2\/categories?post=19100"},{"taxonomy":"post_tag","embeddable":true,"href":"https:\/\/www.miguelfaccio.com.br\/blog\/index.php\/wp-json\/wp\/v2\/tags?post=19100"}],"curies":[{"name":"wp","href":"https:\/\/api.w.org\/{rel}","templated":true}]}}