{"id":19098,"date":"2025-03-19T09:28:00","date_gmt":"2025-03-19T12:28:00","guid":{"rendered":"https:\/\/www.miguelfaccio.com.br\/blog\/?p=19098"},"modified":"2025-03-19T09:28:04","modified_gmt":"2025-03-19T12:28:04","slug":"rcd3992-raios-ou-chamas","status":"publish","type":"post","link":"https:\/\/www.miguelfaccio.com.br\/blog\/index.php\/rcd3992-raios-ou-chamas\/","title":{"rendered":"RCD3992 Raios ou Chamas"},"content":{"rendered":"\n<p class=\"has-text-align-right\"><strong>A\u2019HO <br>Por Aurora Ray<\/strong><\/p>\n\n\n\n<p>VOC\u00ca \u00c9 \u00daNICO \u2013 VOC\u00ca \u00c9 UMA SEMENTE ESTELAR<\/p>\n\n\n\n<p>continua\u00e7\u00e3o<\/p>\n\n\n\n<p>Como uma Semente Estelar, seu prop\u00f3sito \u00e9 ajudar os outros a evoluir em consci\u00eancia e trazer cura ao planeta. Voc\u00ea est\u00e1 aqui porque descobriu que precisamos de ajuda, e \u00e9 hora de se levantar porque aqueles que vieram antes de voc\u00ea deixaram sua marca no planeta e o tornaram o que ele \u00e9 hoje.<\/p>\n\n\n\n<p>Estes n\u00e3o s\u00e3o tempos normais. O planeta precisa de muita ajuda agora, e voc\u00ea est\u00e1 aqui para ajudar de qualquer forma que puder.<\/p>\n\n\n\n<p>Voc\u00ea pode sentir como se sua vida fosse um grande evento \u201capressado\u201d durante toda a sua vida, mas uma vez que voc\u00ea passar por esse processo, voc\u00ea come\u00e7ar\u00e1 a entender o qu\u00e3o importante \u00e9 para todos n\u00f3s estarmos juntos nesses momentos de necessidade, porque quando nos unimos, ficamos mais fortes como um ser e realizamos muito mais do que se estiv\u00e9ssemos divididos em grupos separados.<\/p>\n\n\n\n<p>Podemos curar o planeta trabalhando juntos, apoiando uns aos outros e cuidando uns dos outros como uma fam\u00edlia.<\/p>\n\n\n\n<p>Voc\u00ea \u00e9 especial por causa da maneira \u00fanica como v\u00ea o mundo e das coisas \u00fanicas que vivenciou. Sua experi\u00eancia \u00e9 o que faz de voc\u00ea quem voc\u00ea \u00e9 e ajudar\u00e1 as pessoas ao seu redor a entender quem voc\u00ea \u00e9.<\/p>\n\n\n\n<p>Voc\u00ea \u00e9 o \u00fanico da sua esp\u00e9cie e, todos os dias, ajuda novas pessoas a descobrirem suas sementes estelares \u2014 a ideia de que elas s\u00e3o diferentes de todos os outros e podem ser confi\u00e1veis \u200b\u200bpara tomar decis\u00f5es importantes em suas vidas.<\/p>\n\n\n\n<p>Todos os dias, voc\u00ea \u00e9 uma Semente Estelar \u2014 uma pessoa \u00fanica com um ponto de vista distinto e a capacidade de ver o mundo de maneiras que os outros n\u00e3o veem.<\/p>\n\n\n\n<p>Voc\u00ea recebeu um presente que a maioria das pessoas nunca conhecer\u00e1, e ele ficar\u00e1 com voc\u00ea pelo resto da sua vida. Esta \u00e9 a sua for\u00e7a \u2014 \u00e9 o que o torna diferente de todos os outros que j\u00e1 nasceram ou que nascer\u00e3o.<\/p>\n\n\n\n<p>Pelo simples ato de ser voc\u00ea mesmo, voc\u00ea pode n\u00e3o conseguir ver agora, mas est\u00e1 ajudando boas decis\u00f5es a se tornarem realidade para milh\u00f5es de pessoas. E ao ajud\u00e1-las a tornar suas jornadas mais f\u00e1ceis, voc\u00ea tamb\u00e9m est\u00e1 ajudando a humanidade a sobreviver.<\/p>\n\n\n\n<p>Voc\u00ea \u00e9 \u00fanico, e veio para ajudar seu semelhante. O mundo precisa de esperan\u00e7a, da necessidade de pessoas como voc\u00ea para se levantar e ajud\u00e1-lo em suas horas mais sombrias.<\/p>\n\n\n\n<p>Voc\u00ea \u00e9 a semente de uma nova era. Voc\u00ea ser\u00e1 o fogo que acender\u00e1 a escurid\u00e3o neste momento de necessidade. Eu chamo voc\u00ea \u2014 e todas as Sementes Estelares \u2014 para se elevarem acima de suas circunst\u00e2ncias e brilharem, n\u00e3o em um clar\u00e3o de gl\u00f3ria, mas em um brilho suave e calmante que envolve seu semelhante.<\/p>\n\n\n\n<p>Que sua luz seja vista.<\/p>\n\n\n\n<p>Que sua luz seja sentida<\/p>\n\n\n\n<p>Que sua luz guie e conforte seu povo durante esses tempos dif\u00edceis.<\/p>\n\n\n\n<p>N\u00f3s os amamos muito.<\/p>\n\n\n\n<p>Estamos aqui com voc\u00eas.<\/p>\n\n\n\n<p>Somos sua fam\u00edlia de Luz.<\/p>\n\n\n\n<p>N\u00f3s Somos a Federa\u00e7\u00e3o Gal\u00e1ctica.<\/p>\n\n\n\n<p>A\u2019HO<\/p>\n\n\n\n<p>~ Aurora Ray<\/p>\n\n\n\n<p>Embaixadora da Federa\u00e7\u00e3o Gal\u00e1ctica<\/p>\n\n\n\n<p>Formata\u00e7\u00e3o e tradu\u00e7\u00e3o \u2013 DE CORA\u00c7\u00c3O A CORA\u00c7\u00c3O<\/p>\n\n\n\n<figure class=\"wp-block-embed\"><div class=\"wp-block-embed__wrapper\">\nhttp:\/\/www.decoracaoacoracao.blog.br\/\n<\/div><\/figure>\n\n\n\n<figure class=\"wp-block-embed\"><div class=\"wp-block-embed__wrapper\">\nhttp:\/\/stelalecocq.blogspot.com\n<\/div><\/figure>\n\n\n\n<figure class=\"wp-block-embed\"><div class=\"wp-block-embed__wrapper\">\nhttps:\/\/lecocq.wordpress.com\n<\/div><\/figure>\n\n\n\n<p>Instagram \u2013 @blogdecoracaoacoracao<\/p>\n\n\n\n<p>Informa\u00e7\u00f5es e Agendamentos para Mesa Qu\u00e2ntica Estelar, Mesa Pet, Mesa Qu\u00e2ntica 2.0, Sistema Regenerador Ashtariano, Sistema Arcturiano de Cura Multidimensional \u2013 lecocqmuller@gmail.com<\/p>\n\n\n\n<p>E-book \u201cMensagens dos Mestres \u2013 De Cora\u00e7\u00e3o a Cora\u00e7\u00e3o\u201d \u2013 https:\/\/mensagensdosmestres.blogspot.com\/<\/p>\n\n\n\n<p>Copyright 2025 Aurora Ray. Todos os direitos reservados. https:\/\/thegalacticfederation.com\/<\/p>\n\n\n\n<p>Respeite todos os cr\u00e9ditos ao compartilhar<\/p>\n\n\n\n<p>LUZ!<\/p>\n\n\n\n<p>STELA<\/p>\n","protected":false},"excerpt":{"rendered":"<p>A\u2019HO Por Aurora Ray VOC\u00ca \u00c9 \u00daNICO \u2013 VOC\u00ca \u00c9 UMA SEMENTE ESTELAR continua\u00e7\u00e3o Como uma Semente Estelar, seu prop\u00f3sito \u00e9 ajudar os outros a evoluir em consci\u00eancia e trazer cura ao planeta. Voc\u00ea est\u00e1 aqui porque descobriu que precisamos de ajuda, e \u00e9 hora de se levantar porque aqueles que vieram antes de voc\u00ea [&hellip;]<\/p>\n","protected":false},"author":1,"featured_media":0,"comment_status":"open","ping_status":"open","sticky":false,"template":"","format":"standard","meta":{"_mi_skip_tracking":false},"categories":[3],"tags":[],"_links":{"self":[{"href":"https:\/\/www.miguelfaccio.com.br\/blog\/index.php\/wp-json\/wp\/v2\/posts\/19098"}],"collection":[{"href":"https:\/\/www.miguelfaccio.com.br\/blog\/index.php\/wp-json\/wp\/v2\/posts"}],"about":[{"href":"https:\/\/www.miguelfaccio.com.br\/blog\/index.php\/wp-json\/wp\/v2\/types\/post"}],"author":[{"embeddable":true,"href":"https:\/\/www.miguelfaccio.com.br\/blog\/index.php\/wp-json\/wp\/v2\/users\/1"}],"replies":[{"embeddable":true,"href":"https:\/\/www.miguelfaccio.com.br\/blog\/index.php\/wp-json\/wp\/v2\/comments?post=19098"}],"version-history":[{"count":1,"href":"https:\/\/www.miguelfaccio.com.br\/blog\/index.php\/wp-json\/wp\/v2\/posts\/19098\/revisions"}],"predecessor-version":[{"id":19099,"href":"https:\/\/www.miguelfaccio.com.br\/blog\/index.php\/wp-json\/wp\/v2\/posts\/19098\/revisions\/19099"}],"wp:attachment":[{"href":"https:\/\/www.miguelfaccio.com.br\/blog\/index.php\/wp-json\/wp\/v2\/media?parent=19098"}],"wp:term":[{"taxonomy":"category","embeddable":true,"href":"https:\/\/www.miguelfaccio.com.br\/blog\/index.php\/wp-json\/wp\/v2\/categories?post=19098"},{"taxonomy":"post_tag","embeddable":true,"href":"https:\/\/www.miguelfaccio.com.br\/blog\/index.php\/wp-json\/wp\/v2\/tags?post=19098"}],"curies":[{"name":"wp","href":"https:\/\/api.w.org\/{rel}","templated":true}]}}