{"id":19096,"date":"2025-03-19T09:26:09","date_gmt":"2025-03-19T12:26:09","guid":{"rendered":"https:\/\/www.miguelfaccio.com.br\/blog\/?p=19096"},"modified":"2025-03-19T09:26:14","modified_gmt":"2025-03-19T12:26:14","slug":"plv4043-livro-27-diario-09-10-2022","status":"publish","type":"post","link":"https:\/\/www.miguelfaccio.com.br\/blog\/index.php\/plv4043-livro-27-diario-09-10-2022\/","title":{"rendered":"PLV4043 \u2013 Livro 27 \u2013 Di\u00e1rio, 09\/10\/2022"},"content":{"rendered":"\n<p class=\"has-text-align-right\"><strong>09\/10\/2022<\/strong><\/p>\n\n\n\n<p>Est\u00e1 chegando a hora de o ser humano acordar para sua realidade de um ser que s\u00f3 se vincula \u00e0 mat\u00e9ria para poder evoluir. Esta hora vai determinar quem tem a capacidade de acompanhar a evolu\u00e7\u00e3o da Terra e quem ser\u00e1 degradado para planetas em in\u00edcio de evolu\u00e7\u00e3o. Esses, seu esp\u00edrito ter\u00e1 que reencarnar em corpos ainda selvagens, que s\u00f3 conhecem a forma de angariar alimento, tal como viveram aqui na Terra os homens das cavernas. Isso \u00e9 consequ\u00eancia desta ra\u00e7a belicosa, que s\u00f3 procura a contenda, viciados pelo \u00f3dio que satisfaz seus desejos insanos. Refiro-me a quem n\u00e3o conseguir entrar no amor, aquele amor que o Cristo nos disse, \u201cama teus inimigos, fa\u00e7a o bem a quem te odeia, te cal\u00fania e te persegue\u201d. O amor \u00e9 totalmente contr\u00e1rio \u00e0 guerra e ao \u00f3dio. Esta humanidade de seres belicosos, que at\u00e9 parece que reencarnaram para destruir este lindo planeta azul. Os principais pa\u00edses neste planeta possuem bombas at\u00f4micas, cujo montante da capacidade poderia terminar com a vida que viceja no planeta, tornando-o est\u00e9ril para a vida como conhecemos.<\/p>\n","protected":false},"excerpt":{"rendered":"<p>09\/10\/2022 Est\u00e1 chegando a hora de o ser humano acordar para sua realidade de um ser que s\u00f3 se vincula \u00e0 mat\u00e9ria para poder evoluir. Esta hora vai determinar quem tem a capacidade de acompanhar a evolu\u00e7\u00e3o da Terra e quem ser\u00e1 degradado para planetas em in\u00edcio de evolu\u00e7\u00e3o. Esses, seu esp\u00edrito ter\u00e1 que reencarnar [&hellip;]<\/p>\n","protected":false},"author":1,"featured_media":0,"comment_status":"open","ping_status":"open","sticky":false,"template":"","format":"standard","meta":{"_mi_skip_tracking":false},"categories":[33],"tags":[],"_links":{"self":[{"href":"https:\/\/www.miguelfaccio.com.br\/blog\/index.php\/wp-json\/wp\/v2\/posts\/19096"}],"collection":[{"href":"https:\/\/www.miguelfaccio.com.br\/blog\/index.php\/wp-json\/wp\/v2\/posts"}],"about":[{"href":"https:\/\/www.miguelfaccio.com.br\/blog\/index.php\/wp-json\/wp\/v2\/types\/post"}],"author":[{"embeddable":true,"href":"https:\/\/www.miguelfaccio.com.br\/blog\/index.php\/wp-json\/wp\/v2\/users\/1"}],"replies":[{"embeddable":true,"href":"https:\/\/www.miguelfaccio.com.br\/blog\/index.php\/wp-json\/wp\/v2\/comments?post=19096"}],"version-history":[{"count":1,"href":"https:\/\/www.miguelfaccio.com.br\/blog\/index.php\/wp-json\/wp\/v2\/posts\/19096\/revisions"}],"predecessor-version":[{"id":19097,"href":"https:\/\/www.miguelfaccio.com.br\/blog\/index.php\/wp-json\/wp\/v2\/posts\/19096\/revisions\/19097"}],"wp:attachment":[{"href":"https:\/\/www.miguelfaccio.com.br\/blog\/index.php\/wp-json\/wp\/v2\/media?parent=19096"}],"wp:term":[{"taxonomy":"category","embeddable":true,"href":"https:\/\/www.miguelfaccio.com.br\/blog\/index.php\/wp-json\/wp\/v2\/categories?post=19096"},{"taxonomy":"post_tag","embeddable":true,"href":"https:\/\/www.miguelfaccio.com.br\/blog\/index.php\/wp-json\/wp\/v2\/tags?post=19096"}],"curies":[{"name":"wp","href":"https:\/\/api.w.org\/{rel}","templated":true}]}}