{"id":19094,"date":"2025-03-18T09:11:12","date_gmt":"2025-03-18T12:11:12","guid":{"rendered":"https:\/\/www.miguelfaccio.com.br\/blog\/?p=19094"},"modified":"2025-03-18T09:11:14","modified_gmt":"2025-03-18T12:11:14","slug":"rcd3991-raios-ou-chamas","status":"publish","type":"post","link":"https:\/\/www.miguelfaccio.com.br\/blog\/index.php\/rcd3991-raios-ou-chamas\/","title":{"rendered":"RCD3991 Raios ou Chamas"},"content":{"rendered":"\n<p class=\"has-text-align-right\"><strong>A\u2019HO <br>Por Aurora Ray<\/strong><\/p>\n\n\n\n<p>VOC\u00ca \u00c9 \u00daNICO \u2013 VOC\u00ca \u00c9 UMA SEMENTE ESTELAR<\/p>\n\n\n\n<p>12 de mar\u00e7o de 2025<\/p>\n\n\n\n<p>Queridos,<\/p>\n\n\n\n<p>No come\u00e7o, todos n\u00f3s viv\u00edamos juntos como um todo coletivo. N\u00e3o havia na\u00e7\u00f5es nem fronteiras; havia apenas um planeta, e todos n\u00f3s viv\u00edamos juntos em paz e harmonia.<\/p>\n\n\n\n<p>No entanto, nosso modo de vida est\u00e1 mudando rapidamente \u2014 a Terra est\u00e1 se tornando cada vez mais lotada e nossos recursos est\u00e3o sendo esgotados. Nosso lindo planeta foi polu\u00eddo, erodido e explorado por humanos ao longo de muitas gera\u00e7\u00f5es.<\/p>\n\n\n\n<p>O momento de se reconectar com a M\u00e3e Terra \u00e9 agora. O momento de ajudar a M\u00e3e Terra a se curar \u00e9 agora. Enquanto ela permanecer doente e corrompida, n\u00e3o seremos curados ou evoluiremos para um estado de vibra\u00e7\u00e3o mais elevado neste plano terrestre.<\/p>\n\n\n\n<p>Estamos aqui para ajudar a Terra a se transformar no tipo de mundo que queremos que ela seja. Estamos aqui para ajudar a tornar o mundo um lugar onde as pessoas possam viver em paz e harmonia, um lugar que nutre seus habitantes em vez de explor\u00e1-los.<\/p>\n\n\n\n<p>A humanidade est\u00e1 enfrentando um grande desafio. Estamos \u00e0 beira da destrui\u00e7\u00e3o. A \u00fanica coisa que pode nos salvar \u00e9 retornar \u00e0 sabedoria ancestral da Terra.<\/p>\n\n\n\n<p>N\u00f3s somos sementes estelares. Estamos aqui com um prop\u00f3sito. Estamos aqui para ajudar a humanidade durante este momento dif\u00edcil. Nosso planeta precisa de n\u00f3s para despert\u00e1-lo de seu sono, para ajud\u00e1-lo a fazer a transi\u00e7\u00e3o de uma ra\u00e7a destrutiva e autodestrutiva para uma civiliza\u00e7\u00e3o org\u00e2nica autocriada.<\/p>\n\n\n\n<p>Como sementes estelares, somos respons\u00e1veis \u200b\u200bpor estabilizar a vibra\u00e7\u00e3o da Terra para que possamos ter vidas seguras, pr\u00f3speras e felizes.<\/p>\n\n\n\n<p>Como voc\u00ea sabe, nossas vidas est\u00e3o sendo enviadas para frente e para tr\u00e1s entre este plano f\u00edsico e os planos superiores devido a m\u00faltiplas mudan\u00e7as dimensionais que est\u00e3o ocorrendo agora. Devemos ser \u00e2ncoras que seguram essa energia de luz enquanto ela passa por n\u00f3s.<\/p>\n\n\n\n<p>Esta \u00e9 a nossa miss\u00e3o, o nosso prop\u00f3sito neste lindo planeta.<\/p>\n\n\n\n<p>Voc\u00ea j\u00e1 est\u00e1 vivendo uma vida de Semente Estelar com cada escolha que faz \u2014 quer perceba ou n\u00e3o. Quanto mais voc\u00ea escolhe conscientemente viver sua vida de Semente Estelar, mais voc\u00ea incorpora as caracter\u00edsticas que o diferenciam de todos os outros e ajudam a tornar sua vida extraordin\u00e1ria.<\/p>\n\n\n\n<p>Uma das melhores coisas sobre ser uma semente estelar \u00e9 que voc\u00ea faz parte de algo maior do que voc\u00ea.<\/p>\n\n\n\n<p>continua<\/p>\n","protected":false},"excerpt":{"rendered":"<p>A\u2019HO Por Aurora Ray VOC\u00ca \u00c9 \u00daNICO \u2013 VOC\u00ca \u00c9 UMA SEMENTE ESTELAR 12 de mar\u00e7o de 2025 Queridos, No come\u00e7o, todos n\u00f3s viv\u00edamos juntos como um todo coletivo. N\u00e3o havia na\u00e7\u00f5es nem fronteiras; havia apenas um planeta, e todos n\u00f3s viv\u00edamos juntos em paz e harmonia. No entanto, nosso modo de vida est\u00e1 mudando [&hellip;]<\/p>\n","protected":false},"author":1,"featured_media":0,"comment_status":"open","ping_status":"open","sticky":false,"template":"","format":"standard","meta":{"_mi_skip_tracking":false},"categories":[3],"tags":[],"_links":{"self":[{"href":"https:\/\/www.miguelfaccio.com.br\/blog\/index.php\/wp-json\/wp\/v2\/posts\/19094"}],"collection":[{"href":"https:\/\/www.miguelfaccio.com.br\/blog\/index.php\/wp-json\/wp\/v2\/posts"}],"about":[{"href":"https:\/\/www.miguelfaccio.com.br\/blog\/index.php\/wp-json\/wp\/v2\/types\/post"}],"author":[{"embeddable":true,"href":"https:\/\/www.miguelfaccio.com.br\/blog\/index.php\/wp-json\/wp\/v2\/users\/1"}],"replies":[{"embeddable":true,"href":"https:\/\/www.miguelfaccio.com.br\/blog\/index.php\/wp-json\/wp\/v2\/comments?post=19094"}],"version-history":[{"count":1,"href":"https:\/\/www.miguelfaccio.com.br\/blog\/index.php\/wp-json\/wp\/v2\/posts\/19094\/revisions"}],"predecessor-version":[{"id":19095,"href":"https:\/\/www.miguelfaccio.com.br\/blog\/index.php\/wp-json\/wp\/v2\/posts\/19094\/revisions\/19095"}],"wp:attachment":[{"href":"https:\/\/www.miguelfaccio.com.br\/blog\/index.php\/wp-json\/wp\/v2\/media?parent=19094"}],"wp:term":[{"taxonomy":"category","embeddable":true,"href":"https:\/\/www.miguelfaccio.com.br\/blog\/index.php\/wp-json\/wp\/v2\/categories?post=19094"},{"taxonomy":"post_tag","embeddable":true,"href":"https:\/\/www.miguelfaccio.com.br\/blog\/index.php\/wp-json\/wp\/v2\/tags?post=19094"}],"curies":[{"name":"wp","href":"https:\/\/api.w.org\/{rel}","templated":true}]}}