{"id":19065,"date":"2025-03-11T09:47:42","date_gmt":"2025-03-11T12:47:42","guid":{"rendered":"https:\/\/www.miguelfaccio.com.br\/blog\/?p=19065"},"modified":"2025-03-11T09:47:44","modified_gmt":"2025-03-11T12:47:44","slug":"rcd3984-raios-ou-chamas","status":"publish","type":"post","link":"https:\/\/www.miguelfaccio.com.br\/blog\/index.php\/rcd3984-raios-ou-chamas\/","title":{"rendered":"RCD3984 Raios ou Chamas"},"content":{"rendered":"\n<p class=\"has-text-align-right\"><strong>O Conselho Arcturiano da 9D <br>Canalizado por Daniel Scranton<\/strong><\/p>\n\n\n\n<p>ENERGIAS DA MUDAN\u00c7A E O COLETIVO DESPERTO<\/p>\n\n\n\n<p>04 de mar\u00e7o de 2025<\/p>\n\n\n\n<p>Sauda\u00e7\u00f5es.<\/p>\n\n\n\n<p>N\u00f3s somos o Conselho Arcturiano.<\/p>\n\n\n\n<p>Temos o prazer de nos conectar com todos voc\u00eas.<\/p>\n\n\n\n<p>Temos uma oportunidade \u00fanica de ajudar a humanidade neste momento, e essa oportunidade \u00fanica se apresentou a n\u00f3s por causa de quantos de voc\u00eas est\u00e3o prontos para a mudan\u00e7a. Agora, quando voc\u00eas est\u00e3o prontos para a mudan\u00e7a, voc\u00eas tendem a se abrir mais para receber a ajuda que sempre est\u00e1 chegando a voc\u00eas.<\/p>\n\n\n\n<p>E tamb\u00e9m \u00e9 verdade que quando voc\u00eas est\u00e3o prontos para a mudan\u00e7a, voc\u00eas est\u00e3o mais propensos a olhar para dentro de si mesmos e se perguntarem: \u2018Como posso mudar?\u2019<\/p>\n\n\n\n<p>Este \u00e9 um momento em que \u00e9 da maior import\u00e2ncia que os seres humanos da Terra olhem para os c\u00e9us em busca de ajuda dos membros de sua fam\u00edlia gal\u00e1ctica. \u00c9 importante que voc\u00eas olhem para o n\u00e3o f\u00edsico em busca do apoio que voc\u00eas desejaram receber do f\u00edsico por talvez toda esta vida.<\/p>\n\n\n\n<p>E ent\u00e3o, agora \u00e9 uma oportunidade para todos n\u00f3s que sempre quisemos ajudar a humanidade a compartilhar mais do que temos para compartilhar. Haver\u00e1 mais professores se apresentando. Haver\u00e1 mais entidades e coletivos canalizados surgindo porque a humanidade est\u00e1 chamando essa ajuda e convocando essas energias de mudan\u00e7a.<\/p>\n\n\n\n<p>As energias da mudan\u00e7a j\u00e1 est\u00e3o sobre voc\u00ea, e voc\u00ea ainda n\u00e3o est\u00e1 vendo evid\u00eancias delas porque levar\u00e1 tempo para que elas se apoderem da consci\u00eancia daqueles que ser\u00e3o capazes n\u00e3o apenas de acessar essas energias, mas tamb\u00e9m ser\u00e3o capazes de trabalhar com elas de maneiras muito reais e tang\u00edveis.<\/p>\n\n\n\n<p>Se voc\u00ea pensar sobre o quanto seu mundo mudou desde que voc\u00ea nasceu, voc\u00ea ser\u00e1 capaz de reconhecer que as mudan\u00e7as que voc\u00ea quer ver podem acontecer muito rapidamente. Voc\u00ea pode reconhecer isso quando voc\u00ea reconhece quantas mudan\u00e7as j\u00e1 ocorreram e qu\u00e3o enormes essas mudan\u00e7as s\u00e3o.<\/p>\n\n\n\n<p>Portanto, n\u00f3s convidamos todos voc\u00eas a se verem como aqueles que s\u00e3o capazes de lidar com as energias da mudan\u00e7a, e n\u00f3s tamb\u00e9m convidamos voc\u00eas a se verem como os agentes de mudan\u00e7a.<\/p>\n\n\n\n<p>N\u00f3s frequentemente nos referimos a voc\u00eas como O Coletivo Desperto porque voc\u00eas s\u00e3o. E como os despertos, voc\u00eas t\u00eam acesso \u00e0s grandes ideias, aos pensamentos inspirados, \u00e0s a\u00e7\u00f5es que v\u00eam de um lugar de inspira\u00e7\u00e3o ao inv\u00e9s de um lugar de se incitar a tomar uma a\u00e7\u00e3o que voc\u00ea acha que pode lev\u00e1-los a algum lugar.<\/p>\n\n\n\n<p>Veja, voc\u00eas s\u00e3o aqueles que est\u00e3o conectados o suficiente para entender a import\u00e2ncia de ser capaz de receber energias e transform\u00e1-las em algo tang\u00edvel para o seu mundo e seus companheiros humanos absorverem e apreciarem.<\/p>\n\n\n\n<p>E ent\u00e3o, conforme voc\u00eas se tornam dispon\u00edveis para as energias da mudan\u00e7a e reconhecem que t\u00eam algo a compartilhar, voc\u00eas t\u00eam algo a oferecer aos seus companheiros humanos, sabemos que voc\u00eas ter\u00e3o, e temos toda a confian\u00e7a de que as energias que estamos enviando a voc\u00eas agora mesmo nesta transmiss\u00e3o est\u00e3o indo para as pessoas que ser\u00e3o mais capazes de receb\u00ea-las e utiliz\u00e1-las para o benef\u00edcio de toda a humanidade.<\/p>\n\n\n\n<p>E, sim, caso voc\u00ea esteja se perguntando, estamos falando de voc\u00eas, especificamente.<\/p>\n\n\n\n<p>~ N\u00f3s Somos O Conselho Arcturiano e foi um prazer nos conectar com voc\u00eas<\/p>\n\n\n\n<p>Formata\u00e7\u00e3o e tradu\u00e7\u00e3o \u2013 DE CORA\u00c7\u00c3O A CORA\u00c7\u00c3O<\/p>\n\n\n\n<figure class=\"wp-block-embed\"><div class=\"wp-block-embed__wrapper\">\nhttp:\/\/www.decoracaoacoracao.blog.br\/\n<\/div><\/figure>\n\n\n\n<figure class=\"wp-block-embed\"><div class=\"wp-block-embed__wrapper\">\nhttp:\/\/stelalecocq.blogspot.com\n<\/div><\/figure>\n\n\n\n<figure class=\"wp-block-embed\"><div class=\"wp-block-embed__wrapper\">\nhttps:\/\/lecocq.wordpress.com\n<\/div><\/figure>\n\n\n\n<p>Instagram \u2013 @blogdecoracaoacoracao<\/p>\n\n\n\n<p>Informa\u00e7\u00f5es e Agendamentos para Mesa Qu\u00e2ntica Estelar, Mesa Pet, Mesa Qu\u00e2ntica 2.0, Florais de Bach, Sistema Regenerador Ashtariano, Sistema Arcturiano de Cura Multidimensional \u2013 lecocqmuller@gmail.com<\/p>\n\n\n\n<p>E-book \u201cMensagens dos Mestres \u2013 De Cora\u00e7\u00e3o a Cora\u00e7\u00e3o\u201d \u2013 https:\/\/mensagensdosmestres.blogspot.com\/<\/p>\n\n\n\n<figure class=\"wp-block-embed\"><div class=\"wp-block-embed__wrapper\">\nhttps:\/\/danielscranton.com\/\n<\/div><\/figure>\n\n\n\n<p>Respeite todos os cr\u00e9ditos ao compartilhar<\/p>\n\n\n\n<p>LUZ!<\/p>\n\n\n\n<p>STELA<\/p>\n","protected":false},"excerpt":{"rendered":"<p>O Conselho Arcturiano da 9D Canalizado por Daniel Scranton ENERGIAS DA MUDAN\u00c7A E O COLETIVO DESPERTO 04 de mar\u00e7o de 2025 Sauda\u00e7\u00f5es. N\u00f3s somos o Conselho Arcturiano. Temos o prazer de nos conectar com todos voc\u00eas. Temos uma oportunidade \u00fanica de ajudar a humanidade neste momento, e essa oportunidade \u00fanica se apresentou a n\u00f3s por [&hellip;]<\/p>\n","protected":false},"author":1,"featured_media":0,"comment_status":"open","ping_status":"open","sticky":false,"template":"","format":"standard","meta":{"_mi_skip_tracking":false},"categories":[3],"tags":[],"_links":{"self":[{"href":"https:\/\/www.miguelfaccio.com.br\/blog\/index.php\/wp-json\/wp\/v2\/posts\/19065"}],"collection":[{"href":"https:\/\/www.miguelfaccio.com.br\/blog\/index.php\/wp-json\/wp\/v2\/posts"}],"about":[{"href":"https:\/\/www.miguelfaccio.com.br\/blog\/index.php\/wp-json\/wp\/v2\/types\/post"}],"author":[{"embeddable":true,"href":"https:\/\/www.miguelfaccio.com.br\/blog\/index.php\/wp-json\/wp\/v2\/users\/1"}],"replies":[{"embeddable":true,"href":"https:\/\/www.miguelfaccio.com.br\/blog\/index.php\/wp-json\/wp\/v2\/comments?post=19065"}],"version-history":[{"count":1,"href":"https:\/\/www.miguelfaccio.com.br\/blog\/index.php\/wp-json\/wp\/v2\/posts\/19065\/revisions"}],"predecessor-version":[{"id":19066,"href":"https:\/\/www.miguelfaccio.com.br\/blog\/index.php\/wp-json\/wp\/v2\/posts\/19065\/revisions\/19066"}],"wp:attachment":[{"href":"https:\/\/www.miguelfaccio.com.br\/blog\/index.php\/wp-json\/wp\/v2\/media?parent=19065"}],"wp:term":[{"taxonomy":"category","embeddable":true,"href":"https:\/\/www.miguelfaccio.com.br\/blog\/index.php\/wp-json\/wp\/v2\/categories?post=19065"},{"taxonomy":"post_tag","embeddable":true,"href":"https:\/\/www.miguelfaccio.com.br\/blog\/index.php\/wp-json\/wp\/v2\/tags?post=19065"}],"curies":[{"name":"wp","href":"https:\/\/api.w.org\/{rel}","templated":true}]}}